{"id":578,"date":"2019-05-21T10:44:22","date_gmt":"2019-05-21T10:44:22","guid":{"rendered":"http:\/\/avada.theme-fusion.com_demos\/hotel\/?p=578"},"modified":"2019-05-25T00:26:09","modified_gmt":"2019-05-25T00:26:09","slug":"jubileo2019-2020","status":"publish","type":"post","link":"https:\/\/vocatio.es\/index.php\/2019\/05\/21\/jubileo2019-2020\/","title":{"rendered":"El Jubileo 2019-2020"},"content":{"rendered":"<p><div class=\"fusion-fullwidth fullwidth-box fusion-builder-row-1 fusion-flex-container hundred-percent-fullwidth non-hundred-percent-height-scrolling\" style=\"background-color: rgba(255,255,255,0);background-position: center center;background-repeat: no-repeat;border-width: 0px 0px 0px 0px;border-color:var(--awb-color3);border-style:solid;\" ><div class=\"fusion-builder-row fusion-row fusion-flex-align-items-flex-start\" style=\"width:calc( 100% + 0px ) !important;max-width:calc( 100% + 0px ) !important;margin-left: calc(-0px \/ 2 );margin-right: calc(-0px \/ 2 );\"><div class=\"fusion-layout-column fusion_builder_column fusion-builder-column-0 fusion_builder_column_1_1 1_1 fusion-flex-column fusion-flex-align-self-flex-start fusion-column-no-min-height\"><div class=\"fusion-column-wrapper fusion-flex-justify-content-flex-start fusion-content-layout-column\" style=\"background-position:left top;background-repeat:no-repeat;-webkit-background-size:cover;-moz-background-size:cover;-o-background-size:cover;background-size:cover;padding: 0px 0px 0px 0px;\"><div class=\"fusion-separator fusion-full-width-sep\" style=\"align-self: center;margin-left: auto;margin-right: auto;width:100%;\"><div class=\"fusion-separator-border sep-single sep-solid\" style=\"border-color:#cbaa5c;border-top-width:1px;\"><\/div><\/div><\/div><style type=\"text\/css\">.fusion-body .fusion-builder-column-0{width:100% !important;margin-top : 0px;margin-bottom : 0px;}.fusion-builder-column-0 > .fusion-column-wrapper {padding-top : 0px !important;padding-right : 0px !important;margin-right : 0px;padding-bottom : 0px !important;padding-left : 0px !important;margin-left : 0px;}@media only screen and (max-width:1024px) {.fusion-body .fusion-builder-column-0{width:100% !important;}.fusion-builder-column-0 > .fusion-column-wrapper {margin-right : 0px;margin-left : 0px;}}@media only screen and (max-width:640px) {.fusion-body .fusion-builder-column-0{width:100% !important;}.fusion-builder-column-0 > .fusion-column-wrapper {margin-right : 0px;margin-left : 0px;}}<\/style><\/div><\/div><style type=\"text\/css\">.fusion-fullwidth.fusion-builder-row-1 { overflow:visible; }.fusion-body .fusion-flex-container.fusion-builder-row-1{ padding-top : 0px;margin-top : 15px;padding-right : 0px;padding-bottom : 0px;margin-bottom : -45px;padding-left : 0px;}<\/style><\/div><div class=\"fusion-fullwidth fullwidth-box fusion-builder-row-2 fusion-flex-container hundred-percent-fullwidth non-hundred-percent-height-scrolling\" style=\"background-color: rgba(255,255,255,0);background-position: center center;background-repeat: no-repeat;border-width: 0px 0px 0px 0px;border-color:var(--awb-color3);border-style:solid;\" ><div class=\"fusion-builder-row fusion-row fusion-flex-align-items-flex-start\" style=\"width:calc( 100% + 0px ) !important;max-width:calc( 100% + 0px ) !important;margin-left: calc(-0px \/ 2 );margin-right: calc(-0px \/ 2 );\"><div class=\"fusion-layout-column fusion_builder_column fusion-builder-column-1 fusion_builder_column_1_1 1_1 fusion-flex-column fusion-flex-align-self-flex-start fusion-column-no-min-height\"><div class=\"fusion-column-wrapper fusion-flex-justify-content-flex-start fusion-content-layout-column\" style=\"background-position:left top;background-repeat:no-repeat;-webkit-background-size:cover;-moz-background-size:cover;-o-background-size:cover;background-size:cover;padding: 0px 0px 0px 0px;\"><div class=\"fusion-sharing-box fusion-sharing-box-1 boxed-icons\" style=\"background-color:rgba(255,255,255,0);padding:0;margin-top:60px;\" data-title=\"El Jubileo 2019-2020\" data-description=\"El Jubileo 2019-2020  \r\n\r\nEl pasado 10 de mayo, festividad de san Juan de \u00c1vila, se anunci\u00f3 la concesi\u00f3n de un a\u00f1o jubilar para Almod\u00f3var del Campo. El obispo de Ciudad Real, monse\u00f1or Gerardo Melgar, pidi\u00f3 el pasado a\u00f1o la concesi\u00f3n de esta gracia por la figura\" data-link=\"https:\/\/vocatio.es\/index.php\/2019\/05\/21\/anunciojubileo\/\"><h4 class=\"tagline\" style=\"color:#333333;\">\u00a1Comparte!<\/h4><div class=\"fusion-social-networks sharingbox-shortcode-icon-wrapper sharingbox-shortcode-icon-wrapper-1 boxed-icons\"><span><a href=\"https:\/\/www.facebook.com\/sharer.php?u=https%3A%2F%2Fvocatio.es%2Findex.php%2F2019%2F05%2F21%2Fanunciojubileo%2F&amp;t=El%20Jubileo%202019-2020\" target=\"_blank\" rel=\"noreferrer\" title=\"Facebook\" aria-label=\"Facebook\" data-placement=\"top\" data-toggle=\"tooltip\" data-title=\"Facebook\"><i class=\"fusion-social-network-icon fusion-tooltip fusion-facebook awb-icon-facebook\" style=\"color:#ffffff;background-color:#3b5998;border-color:#3b5998;border-radius:4px;\" aria-hidden=\"true\"><\/i><\/a><\/span><span><a href=\"https:\/\/twitter.com\/share?text=El%20Jubileo%202019-2020&amp;url=https%3A%2F%2Fvocatio.es%2Findex.php%2F2019%2F05%2F21%2Fanunciojubileo%2F\" target=\"_blank\" rel=\"noopener noreferrer\" title=\"Twitter\" aria-label=\"Twitter\" data-placement=\"top\" data-toggle=\"tooltip\" data-title=\"Twitter\"><i class=\"fusion-social-network-icon fusion-tooltip fusion-twitter awb-icon-twitter\" style=\"color:#ffffff;background-color:#55acee;border-color:#55acee;border-radius:4px;\" aria-hidden=\"true\"><\/i><\/a><\/span><span><a href=\"https:\/\/reddit.com\/submit?url=https%3A%2F%2Fvocatio.es%2Findex.php%2F2019%2F05%2F21%2Fanunciojubileo%2F&amp;title=El%20Jubileo%202019-2020\" target=\"_blank\" rel=\"noopener noreferrer\" title=\"Reddit\" aria-label=\"Reddit\" data-placement=\"top\" data-toggle=\"tooltip\" data-title=\"Reddit\"><i class=\"fusion-social-network-icon fusion-tooltip fusion-reddit awb-icon-reddit\" style=\"color:#ffffff;background-color:#ff4500;border-color:#ff4500;border-radius:4px;\" aria-hidden=\"true\"><\/i><\/a><\/span><span><a href=\"https:\/\/www.linkedin.com\/shareArticle?mini=true&amp;url=https%3A%2F%2Fvocatio.es%2Findex.php%2F2019%2F05%2F21%2Fanunciojubileo%2F&amp;title=El%20Jubileo%202019-2020&amp;summary=El%20Jubileo%202019-2020%20%20%20%0D%0A%0D%0AEl%20pasado%2010%20de%20mayo%2C%20festividad%20de%20san%20Juan%20de%20%C3%81vila%2C%20se%20anunci%C3%B3%20la%20concesi%C3%B3n%20de%20un%20a%C3%B1o%20jubilar%20para%20Almod%C3%B3var%20del%20Campo.%20El%20obispo%20de%20Ciudad%20Real%2C%20monse%C3%B1or%20Gerardo%20Melgar%2C%20pidi%C3%B3%20el%20pasado%20a%C3%B1o%20la%20concesi%C3%B3n%20de%20esta%20gracia%20por%20la%20figura\" target=\"_blank\" rel=\"noopener noreferrer\" title=\"LinkedIn\" aria-label=\"LinkedIn\" data-placement=\"top\" data-toggle=\"tooltip\" data-title=\"LinkedIn\"><i class=\"fusion-social-network-icon fusion-tooltip fusion-linkedin awb-icon-linkedin\" style=\"color:#ffffff;background-color:#0077b5;border-color:#0077b5;border-radius:4px;\" aria-hidden=\"true\"><\/i><\/a><\/span><span><a href=\"https:\/\/api.whatsapp.com\/send?text=https%3A%2F%2Fvocatio.es%2Findex.php%2F2019%2F05%2F21%2Fanunciojubileo%2F\" target=\"_blank\" rel=\"noopener noreferrer\" title=\"WhatsApp\" aria-label=\"WhatsApp\" data-placement=\"top\" data-toggle=\"tooltip\" data-title=\"WhatsApp\"><i class=\"fusion-social-network-icon fusion-tooltip fusion-whatsapp awb-icon-whatsapp\" style=\"color:#ffffff;background-color:#77e878;border-color:#77e878;border-radius:4px;\" aria-hidden=\"true\"><\/i><\/a><\/span><span><a href=\"https:\/\/www.tumblr.com\/share\/link?url=https%3A%2F%2Fvocatio.es%2Findex.php%2F2019%2F05%2F21%2Fanunciojubileo%2F&amp;name=El%20Jubileo%202019-2020&amp;description=El%20Jubileo%202019-2020%20%20%20%0D%0A%0D%0AEl%20pasado%2010%20de%20mayo%2C%20festividad%20de%20san%20Juan%20de%20%C3%81vila%2C%20se%20anunci%C3%B3%20la%20concesi%C3%B3n%20de%20un%20a%C3%B1o%20jubilar%20para%20Almod%C3%B3var%20del%20Campo.%20El%20obispo%20de%20Ciudad%20Real%2C%20monse%C3%B1or%20Gerardo%20Melgar%2C%20pidi%C3%B3%20el%20pasado%20a%C3%B1o%20la%20concesi%C3%B3n%20de%20esta%20gracia%20por%20la%20figura\" target=\"_blank\" rel=\"noopener noreferrer\" title=\"Tumblr\" aria-label=\"Tumblr\" data-placement=\"top\" data-toggle=\"tooltip\" data-title=\"Tumblr\"><i class=\"fusion-social-network-icon fusion-tooltip fusion-tumblr awb-icon-tumblr\" style=\"color:#ffffff;background-color:#35465c;border-color:#35465c;border-radius:4px;\" aria-hidden=\"true\"><\/i><\/a><\/span><span><a href=\"https:\/\/pinterest.com\/pin\/create\/button\/?url=https%3A%2F%2Fvocatio.es%2Findex.php%2F2019%2F05%2F21%2Fanunciojubileo%2F&amp;description=El%20Jubileo%202019-2020%20%20%20%0D%0A%0D%0AEl%20pasado%2010%20de%20mayo%2C%20festividad%20de%20san%20Juan%20de%20%C3%81vila%2C%20se%20anunci%C3%B3%20la%20concesi%C3%B3n%20de%20un%20a%C3%B1o%20jubilar%20para%20Almod%C3%B3var%20del%20Campo.%20El%20obispo%20de%20Ciudad%20Real%2C%20monse%C3%B1or%20Gerardo%20Melgar%2C%20pidi%C3%B3%20el%20pasado%20a%C3%B1o%20la%20concesi%C3%B3n%20de%20esta%20gracia%20por%20la%20figura&amp;media=\" target=\"_blank\" rel=\"noopener noreferrer\" title=\"Pinterest\" aria-label=\"Pinterest\" data-placement=\"top\" data-toggle=\"tooltip\" data-title=\"Pinterest\"><i class=\"fusion-social-network-icon fusion-tooltip fusion-pinterest awb-icon-pinterest\" style=\"color:#ffffff;background-color:#bd081c;border-color:#bd081c;border-radius:4px;\" aria-hidden=\"true\"><\/i><\/a><\/span><\/div><\/div><style type=\"text\/css\">.fusion-sharing-box-1 .tagline{margin-bottom:0 !important;}.fusion-sharing-box-1{flex-direction:row !important;}@media only screen and (max-width:1024px){.fusion-sharing-box-1 .tagline{margin-right:0.5em !important;margin-bottom:0 !important;}.sharingbox-shortcode-icon-wrapper-1{width:auto !important;justify-content:flex-end !important;}.fusion-sharing-box-1{align-items:center !important;} }@media only screen and (max-width:640px){.fusion-sharing-box-1{flex-direction:row !important;align-items:center !important;}.fusion-sharing-box-1 .tagline{margin-right:0.5em !important;margin-bottom:0 !important;}.sharingbox-shortcode-icon-wrapper-1{width:auto !important;justify-content:space-between !important;} }<\/style><div class=\"fusion-separator fusion-full-width-sep\" style=\"align-self: center;margin-left: auto;margin-right: auto;margin-top:7px;margin-bottom:50px;width:100%;\"><div class=\"fusion-separator-border sep-single sep-solid\" style=\"border-color:#cbaa5c;border-top-width:1px;\"><\/div><\/div><\/div><style type=\"text\/css\">.fusion-body .fusion-builder-column-1{width:100% !important;margin-top : 0px;margin-bottom : 0px;}.fusion-builder-column-1 > .fusion-column-wrapper {padding-top : 0px !important;padding-right : 0px !important;margin-right : 0px;padding-bottom : 0px !important;padding-left : 0px !important;margin-left : 0px;}@media only screen and (max-width:1024px) {.fusion-body .fusion-builder-column-1{width:100% !important;}.fusion-builder-column-1 > .fusion-column-wrapper {margin-right : 0px;margin-left : 0px;}}@media only screen and (max-width:640px) {.fusion-body .fusion-builder-column-1{width:100% !important;}.fusion-builder-column-1 > .fusion-column-wrapper {margin-right : 0px;margin-left : 0px;}}<\/style><\/div><div class=\"fusion-layout-column fusion_builder_column fusion-builder-column-2 fusion_builder_column_1_1 1_1 fusion-flex-column fusion-flex-align-self-flex-start fusion-column-no-min-height\"><div class=\"fusion-column-wrapper fusion-flex-justify-content-flex-start fusion-content-layout-column\" style=\"background-position:left top;background-repeat:no-repeat;-webkit-background-size:cover;-moz-background-size:cover;-o-background-size:cover;background-size:cover;padding: 0px 0px 0px 0px;\"><style type=\"text\/css\">@media only screen and (max-width:1024px) {.fusion-title.fusion-title-1{margin-top:10px!important; margin-right:0px!important;margin-bottom:15px!important;margin-left:0px!important;}}@media only screen and (max-width:640px) {.fusion-title.fusion-title-1{margin-top:10px!important; margin-right:0px!important;margin-bottom:10px!important; margin-left:0px!important;}}<\/style><div class=\"fusion-title title fusion-title-1 fusion-sep-none fusion-title-text fusion-title-size-two\" style=\"margin-top:10px;margin-right:0px;margin-bottom:15px;margin-left:0px;\"><h2 class=\"title-heading-left fusion-responsive-typography-calculated\" style=\"margin:0;--fontSize:26;line-height:1.69;\">El Jubileo 2019-2020<\/h2><\/div><div class=\"fusion-separator fusion-full-width-sep\" style=\"align-self: center;margin-left: auto;margin-right: auto;margin-top:5px;margin-bottom:5px;width:100%;\"><\/div><\/div><style type=\"text\/css\">.fusion-body .fusion-builder-column-2{width:100% !important;margin-top : 0px;margin-bottom : 0px;}.fusion-builder-column-2 > .fusion-column-wrapper {padding-top : 0px !important;padding-right : 0px !important;margin-right : 0px;padding-bottom : 0px !important;padding-left : 0px !important;margin-left : 0px;}@media only screen and (max-width:1024px) {.fusion-body .fusion-builder-column-2{width:100% !important;}.fusion-builder-column-2 > .fusion-column-wrapper {margin-right : 0px;margin-left : 0px;}}@media only screen and (max-width:640px) {.fusion-body .fusion-builder-column-2{width:100% !important;}.fusion-builder-column-2 > .fusion-column-wrapper {margin-right : 0px;margin-left : 0px;}}<\/style><\/div><div class=\"fusion-layout-column fusion_builder_column fusion-builder-column-3 fusion_builder_column_1_1 1_1 fusion-flex-column fusion-flex-align-self-flex-start fusion-column-no-min-height\"><div class=\"fusion-column-wrapper fusion-flex-justify-content-flex-start fusion-content-layout-column\" style=\"background-position:left top;background-repeat:no-repeat;-webkit-background-size:cover;-moz-background-size:cover;-o-background-size:cover;background-size:cover;padding: 0px 0px 0px 0px;\"><div class=\"fusion-text fusion-text-1\"><p><span class=\"fusion-dropcap dropcap dropcap-boxed\" style=\"border-radius:1px;\">E<\/span>l pasado 10 de mayo, festividad de san Juan de \u00c1vila, se anunci\u00f3 la concesi\u00f3n de un a\u00f1o jubilar para Almod\u00f3var del Campo. El obispo de Ciudad Real, monse\u00f1or Gerardo Melgar, pidi\u00f3 el pasado a\u00f1o la concesi\u00f3n de esta gracia por la figura del santo doctor san Juan de \u00c1vila. La Penitenciar\u00eda Apost\u00f3lica respondi\u00f3 afirmativamente para un a\u00f1o que comenz\u00f3 el pasado 10 de mayo y concluir\u00e1 el 31 de mayo de 2020. Coincide con el 450 aniversario de la muerte y el 50 aniversario de la canonizaci\u00f3n de san Juan de \u00c1vila.<\/p>\n<p>De este modo, tal y como informa el decreto episcopal, \u00abpodr\u00e1n lucrar la Indulgencia plenaria los fieles cristianos que, verdaderamente arrepentidos de sus pecados y movidos por la caridad, cumplan debidamente las condiciones acostumbradas (confesi\u00f3n sacramental, comuni\u00f3n eucar\u00edstica y oraci\u00f3n por las intenciones del Romano Pont\u00edfice) y visiten el templo parroquial de Ntra. Sra. de la Asunci\u00f3n de Almod\u00f3var del Campo y el oratorio de la casa natal del santo doctor\u00bb.<\/p>\n<blockquote>\n<p><strong><em>Todas las sedes se han renovado con recursos audiovisuales que se proyectan sobre arquitectura ef\u00edmera. Un nuevo mensaje, un nuevo lenguaje. <\/em><\/strong><\/p>\n<\/blockquote>\n<p>Con Un nombre para siempre, el lema elegido para el Jubileo, la reflexi\u00f3n que se hace durante el a\u00f1o enfatiza que Almod\u00f3var del Campo es el \u00ablugar donde san Juan de \u00c1vila vivi\u00f3 un triple nacimiento: naci\u00f3 a la vida como hombre; naci\u00f3 a la fe por el bautismo; y naci\u00f3 a la vocaci\u00f3n\u00bb.<\/p>\n<p>Con esta idea, adem\u00e1s, se muestra el ciclo fundante de la vocaci\u00f3n cristiana: hemos sido llamados a la vida por la acci\u00f3n creadora de Dios; hemos sido llamados a la fe por la gracia del bautismo, y hemos sido llamados por Cristo para seguirle recibiendo un \u00abnombre\u00bb, una vocaci\u00f3n y una misi\u00f3n hist\u00f3rica que debemos descubrir o renovar.<\/p>\n<p>En las visitas a Almod\u00f3var se pretende transmitir que \u00abcada uno de nosotros \u2014cristianos vinculados a la vida de la Iglesia o cristianos alejados, ni\u00f1os, j\u00f3venes o adultos\u2014, tenemos un nombre dado por Dios que hemos de descubrir o, si ya lo conocemos, tenemos que agradecer y renovar\u00bb.<\/p>\n<p>El itinerario de las peregrinaciones, aunque puede variar seg\u00fan pidan los grupos, comprender\u00e1 la ermita de santa Br\u00edgida, con el tema <em>Hemos sido creados y bautizados<\/em>; la de san Juan Bautista: <em>Cristo nos ofrece su misericordia y su perd\u00f3n renovador que nos capacita para descubrir o para renovar nuestro \u00abnombre\u00bb<\/em>; la casa natal de san Juan de \u00c1vila: <em>Hemos sido llamados y ahora volvemos a ser llamados,<\/em> y el templo parroquial, donde se insistir\u00e1 en que <em>\u00absomos enviados para actuar nuestro nombre alimentados por la eucarist\u00eda, sacramento para la entrega y vi\u00e1tico para los que peregrinan por el mundo hacia el cielo\u00bb.<\/em><\/p>\n<\/div><\/div><style type=\"text\/css\">.fusion-body .fusion-builder-column-3{width:100% !important;margin-top : 0px;margin-bottom : 0px;}.fusion-builder-column-3 > .fusion-column-wrapper {padding-top : 0px !important;padding-right : 0px !important;margin-right : 0px;padding-bottom : 0px !important;padding-left : 0px !important;margin-left : 0px;}@media only screen and (max-width:1024px) {.fusion-body .fusion-builder-column-3{width:100% !important;}.fusion-builder-column-3 > .fusion-column-wrapper {margin-right : 0px;margin-left : 0px;}}@media only screen and (max-width:640px) {.fusion-body .fusion-builder-column-3{width:100% !important;}.fusion-builder-column-3 > .fusion-column-wrapper {margin-right : 0px;margin-left : 0px;}}<\/style><\/div><\/div><style type=\"text\/css\">.fusion-fullwidth.fusion-builder-row-2 { overflow:visible; }.fusion-body .fusion-flex-container.fusion-builder-row-2{ padding-top : 0px;margin-top : 0px;padding-right : 0px;padding-bottom : 0px;margin-bottom : 0px;padding-left : 0px;}<\/style><\/div><\/p>\n","protected":false},"excerpt":{"rendered":"","protected":false},"author":1,"featured_media":1843,"comment_status":"open","ping_status":"closed","sticky":false,"template":"","format":"standard","meta":[],"categories":[4],"tags":[25,24,23],"yoast_head":"<!-- This site is optimized with the Yoast SEO plugin v19.9 - https:\/\/yoast.com\/wordpress\/plugins\/seo\/ -->\n<title>El Jubileo 2019-2020 - Vocatio<\/title>\n<meta name=\"robots\" content=\"index, follow, max-snippet:-1, max-image-preview:large, max-video-preview:-1\" \/>\n<link rel=\"canonical\" href=\"https:\/\/vocatio.es\/index.php\/2019\/05\/21\/jubileo2019-2020\/\" \/>\n<meta property=\"og:locale\" content=\"es_ES\" \/>\n<meta property=\"og:type\" content=\"article\" \/>\n<meta property=\"og:title\" content=\"El Jubileo 2019-2020 - Vocatio\" \/>\n<meta property=\"og:url\" content=\"https:\/\/vocatio.es\/index.php\/2019\/05\/21\/jubileo2019-2020\/\" \/>\n<meta property=\"og:site_name\" content=\"Vocatio\" \/>\n<meta property=\"article:published_time\" content=\"2019-05-21T10:44:22+00:00\" \/>\n<meta property=\"article:modified_time\" content=\"2019-05-25T00:26:09+00:00\" \/>\n<meta property=\"og:image\" content=\"https:\/\/vocatio.es\/wp-content\/uploads\/2015\/06\/anunciojubileo.jpg\" \/>\n\t<meta property=\"og:image:width\" content=\"750\" \/>\n\t<meta property=\"og:image:height\" content=\"650\" \/>\n\t<meta property=\"og:image:type\" content=\"image\/jpeg\" \/>\n<meta name=\"author\" content=\"admin\" \/>\n<meta name=\"twitter:card\" content=\"summary_large_image\" \/>\n<meta name=\"twitter:label1\" content=\"Escrito por\" \/>\n\t<meta name=\"twitter:data1\" content=\"admin\" \/>\n\t<meta name=\"twitter:label2\" content=\"Tiempo de lectura\" \/>\n\t<meta name=\"twitter:data2\" content=\"5 minutos\" \/>\n<script type=\"application\/ld+json\" class=\"yoast-schema-graph\">{\"@context\":\"https:\/\/schema.org\",\"@graph\":[{\"@type\":\"WebPage\",\"@id\":\"https:\/\/vocatio.es\/index.php\/2019\/05\/21\/jubileo2019-2020\/\",\"url\":\"https:\/\/vocatio.es\/index.php\/2019\/05\/21\/jubileo2019-2020\/\",\"name\":\"El Jubileo 2019-2020 - Vocatio\",\"isPartOf\":{\"@id\":\"https:\/\/vocatio.es\/#website\"},\"datePublished\":\"2019-05-21T10:44:22+00:00\",\"dateModified\":\"2019-05-25T00:26:09+00:00\",\"author\":{\"@id\":\"https:\/\/vocatio.es\/#\/schema\/person\/9c37bb017dd75382cf182633471bdbb5\"},\"breadcrumb\":{\"@id\":\"https:\/\/vocatio.es\/index.php\/2019\/05\/21\/jubileo2019-2020\/#breadcrumb\"},\"inLanguage\":\"es\",\"potentialAction\":[{\"@type\":\"ReadAction\",\"target\":[\"https:\/\/vocatio.es\/index.php\/2019\/05\/21\/jubileo2019-2020\/\"]}]},{\"@type\":\"BreadcrumbList\",\"@id\":\"https:\/\/vocatio.es\/index.php\/2019\/05\/21\/jubileo2019-2020\/#breadcrumb\",\"itemListElement\":[{\"@type\":\"ListItem\",\"position\":1,\"name\":\"Portada\",\"item\":\"https:\/\/vocatio.es\/\"},{\"@type\":\"ListItem\",\"position\":2,\"name\":\"El Jubileo 2019-2020\"}]},{\"@type\":\"WebSite\",\"@id\":\"https:\/\/vocatio.es\/#website\",\"url\":\"https:\/\/vocatio.es\/\",\"name\":\"Vocatio\",\"description\":\"San Juan de \u00c1vila en Almod\u00f3var del Campo\",\"potentialAction\":[{\"@type\":\"SearchAction\",\"target\":{\"@type\":\"EntryPoint\",\"urlTemplate\":\"https:\/\/vocatio.es\/?s={search_term_string}\"},\"query-input\":\"required name=search_term_string\"}],\"inLanguage\":\"es\"},{\"@type\":\"Person\",\"@id\":\"https:\/\/vocatio.es\/#\/schema\/person\/9c37bb017dd75382cf182633471bdbb5\",\"name\":\"admin\",\"image\":{\"@type\":\"ImageObject\",\"inLanguage\":\"es\",\"@id\":\"https:\/\/vocatio.es\/#\/schema\/person\/image\/\",\"url\":\"https:\/\/secure.gravatar.com\/avatar\/41f9e649d613b9d7fe46ab6225d5d89d?s=96&d=mm&r=g\",\"contentUrl\":\"https:\/\/secure.gravatar.com\/avatar\/41f9e649d613b9d7fe46ab6225d5d89d?s=96&d=mm&r=g\",\"caption\":\"admin\"},\"url\":\"https:\/\/vocatio.es\/index.php\/author\/plazallorente\/\"}]}<\/script>\n<!-- \/ Yoast SEO plugin. -->","yoast_head_json":{"title":"El Jubileo 2019-2020 - Vocatio","robots":{"index":"index","follow":"follow","max-snippet":"max-snippet:-1","max-image-preview":"max-image-preview:large","max-video-preview":"max-video-preview:-1"},"canonical":"https:\/\/vocatio.es\/index.php\/2019\/05\/21\/jubileo2019-2020\/","og_locale":"es_ES","og_type":"article","og_title":"El Jubileo 2019-2020 - Vocatio","og_url":"https:\/\/vocatio.es\/index.php\/2019\/05\/21\/jubileo2019-2020\/","og_site_name":"Vocatio","article_published_time":"2019-05-21T10:44:22+00:00","article_modified_time":"2019-05-25T00:26:09+00:00","og_image":[{"width":750,"height":650,"url":"https:\/\/vocatio.es\/wp-content\/uploads\/2015\/06\/anunciojubileo.jpg","type":"image\/jpeg"}],"author":"admin","twitter_card":"summary_large_image","twitter_misc":{"Escrito por":"admin","Tiempo de lectura":"5 minutos"},"schema":{"@context":"https:\/\/schema.org","@graph":[{"@type":"WebPage","@id":"https:\/\/vocatio.es\/index.php\/2019\/05\/21\/jubileo2019-2020\/","url":"https:\/\/vocatio.es\/index.php\/2019\/05\/21\/jubileo2019-2020\/","name":"El Jubileo 2019-2020 - Vocatio","isPartOf":{"@id":"https:\/\/vocatio.es\/#website"},"datePublished":"2019-05-21T10:44:22+00:00","dateModified":"2019-05-25T00:26:09+00:00","author":{"@id":"https:\/\/vocatio.es\/#\/schema\/person\/9c37bb017dd75382cf182633471bdbb5"},"breadcrumb":{"@id":"https:\/\/vocatio.es\/index.php\/2019\/05\/21\/jubileo2019-2020\/#breadcrumb"},"inLanguage":"es","potentialAction":[{"@type":"ReadAction","target":["https:\/\/vocatio.es\/index.php\/2019\/05\/21\/jubileo2019-2020\/"]}]},{"@type":"BreadcrumbList","@id":"https:\/\/vocatio.es\/index.php\/2019\/05\/21\/jubileo2019-2020\/#breadcrumb","itemListElement":[{"@type":"ListItem","position":1,"name":"Portada","item":"https:\/\/vocatio.es\/"},{"@type":"ListItem","position":2,"name":"El Jubileo 2019-2020"}]},{"@type":"WebSite","@id":"https:\/\/vocatio.es\/#website","url":"https:\/\/vocatio.es\/","name":"Vocatio","description":"San Juan de \u00c1vila en Almod\u00f3var del Campo","potentialAction":[{"@type":"SearchAction","target":{"@type":"EntryPoint","urlTemplate":"https:\/\/vocatio.es\/?s={search_term_string}"},"query-input":"required name=search_term_string"}],"inLanguage":"es"},{"@type":"Person","@id":"https:\/\/vocatio.es\/#\/schema\/person\/9c37bb017dd75382cf182633471bdbb5","name":"admin","image":{"@type":"ImageObject","inLanguage":"es","@id":"https:\/\/vocatio.es\/#\/schema\/person\/image\/","url":"https:\/\/secure.gravatar.com\/avatar\/41f9e649d613b9d7fe46ab6225d5d89d?s=96&d=mm&r=g","contentUrl":"https:\/\/secure.gravatar.com\/avatar\/41f9e649d613b9d7fe46ab6225d5d89d?s=96&d=mm&r=g","caption":"admin"},"url":"https:\/\/vocatio.es\/index.php\/author\/plazallorente\/"}]}},"_links":{"self":[{"href":"https:\/\/vocatio.es\/index.php\/wp-json\/wp\/v2\/posts\/578"}],"collection":[{"href":"https:\/\/vocatio.es\/index.php\/wp-json\/wp\/v2\/posts"}],"about":[{"href":"https:\/\/vocatio.es\/index.php\/wp-json\/wp\/v2\/types\/post"}],"author":[{"embeddable":true,"href":"https:\/\/vocatio.es\/index.php\/wp-json\/wp\/v2\/users\/1"}],"replies":[{"embeddable":true,"href":"https:\/\/vocatio.es\/index.php\/wp-json\/wp\/v2\/comments?post=578"}],"version-history":[{"count":10,"href":"https:\/\/vocatio.es\/index.php\/wp-json\/wp\/v2\/posts\/578\/revisions"}],"predecessor-version":[{"id":1891,"href":"https:\/\/vocatio.es\/index.php\/wp-json\/wp\/v2\/posts\/578\/revisions\/1891"}],"wp:featuredmedia":[{"embeddable":true,"href":"https:\/\/vocatio.es\/index.php\/wp-json\/wp\/v2\/media\/1843"}],"wp:attachment":[{"href":"https:\/\/vocatio.es\/index.php\/wp-json\/wp\/v2\/media?parent=578"}],"wp:term":[{"taxonomy":"category","embeddable":true,"href":"https:\/\/vocatio.es\/index.php\/wp-json\/wp\/v2\/categories?post=578"},{"taxonomy":"post_tag","embeddable":true,"href":"https:\/\/vocatio.es\/index.php\/wp-json\/wp\/v2\/tags?post=578"}],"curies":[{"name":"wp","href":"https:\/\/api.w.org\/{rel}","templated":true}]}}