{"id":2120,"date":"2022-10-12T10:20:35","date_gmt":"2022-10-12T10:20:35","guid":{"rendered":"https:\/\/vocatio.es\/?p=2120"},"modified":"2022-10-12T10:26:21","modified_gmt":"2022-10-12T10:26:21","slug":"fray-pedro-aliaga-asensio-recorrio-los-cuatro-siglos-y-medio-de-vicisitudes-para-llevar-al-padre-juan-de-avila-a-su-doctorado","status":"publish","type":"post","link":"https:\/\/vocatio.es\/index.php\/2022\/10\/12\/fray-pedro-aliaga-asensio-recorrio-los-cuatro-siglos-y-medio-de-vicisitudes-para-llevar-al-padre-juan-de-avila-a-su-doctorado\/","title":{"rendered":"Fray Pedro Aliaga Asensio recorri\u00f3 los cuatro siglos y medio de \u201cvicisitudes\u201d para llevar al padre Juan de \u00c1vila a su doctorado"},"content":{"rendered":"<div class=\"fusion-fullwidth fullwidth-box fusion-builder-row-1 fusion-flex-container hundred-percent-fullwidth non-hundred-percent-height-scrolling\" style=\"background-color: rgba(255,255,255,0);background-position: center center;background-repeat: no-repeat;border-width: 0px 0px 0px 0px;border-color:var(--awb-color3);border-style:solid;\" ><div class=\"fusion-builder-row fusion-row fusion-flex-align-items-flex-start\" style=\"width:calc( 100% + 0px ) !important;max-width:calc( 100% + 0px ) !important;margin-left: calc(-0px \/ 2 );margin-right: calc(-0px \/ 2 );\"><div class=\"fusion-layout-column fusion_builder_column fusion-builder-column-0 fusion_builder_column_1_1 1_1 fusion-flex-column fusion-flex-align-self-flex-start fusion-column-no-min-height\"><div class=\"fusion-column-wrapper fusion-flex-justify-content-flex-start fusion-content-layout-column\" style=\"background-position:left top;background-repeat:no-repeat;-webkit-background-size:cover;-moz-background-size:cover;-o-background-size:cover;background-size:cover;padding: 0px 0px 0px 0px;\"><style type=\"text\/css\">@media only screen and (max-width:1024px) {.fusion-title.fusion-title-1{margin-top:10px!important; margin-right:0px!important;margin-bottom:15px!important;margin-left:0px!important;}}@media only screen and (max-width:640px) {.fusion-title.fusion-title-1{margin-top:10px!important; margin-right:0px!important;margin-bottom:10px!important; margin-left:0px!important;}}<\/style><div class=\"fusion-title title fusion-title-1 fusion-sep-none fusion-title-text fusion-title-size-two\" style=\"margin-top:10px;margin-right:0px;margin-bottom:15px;margin-left:0px;\"><h2 class=\"title-heading-left fusion-responsive-typography-calculated\" style=\"margin:0;--fontSize:26;line-height:1.69;\">Fray Pedro Aliaga Asensio recorri\u00f3 los cuatro siglos y medio de \u201cvicisitudes\u201d para llevar al padre Juan de \u00c1vila a su doctorado<\/h2><\/div><div class=\"fusion-separator fusion-full-width-sep\" style=\"align-self: center;margin-left: auto;margin-right: auto;margin-top:5px;margin-bottom:5px;width:100%;\"><\/div><\/div><style type=\"text\/css\">.fusion-body .fusion-builder-column-0{width:100% !important;margin-top : 0px;margin-bottom : 0px;}.fusion-builder-column-0 > .fusion-column-wrapper {padding-top : 0px !important;padding-right : 0px !important;margin-right : 0px;padding-bottom : 0px !important;padding-left : 0px !important;margin-left : 0px;}@media only screen and (max-width:1024px) {.fusion-body .fusion-builder-column-0{width:100% !important;}.fusion-builder-column-0 > .fusion-column-wrapper {margin-right : 0px;margin-left : 0px;}}@media only screen and (max-width:640px) {.fusion-body .fusion-builder-column-0{width:100% !important;}.fusion-builder-column-0 > .fusion-column-wrapper {margin-right : 0px;margin-left : 0px;}}<\/style><\/div><div class=\"fusion-layout-column fusion_builder_column fusion-builder-column-1 fusion_builder_column_1_1 1_1 fusion-flex-column fusion-flex-align-self-flex-start fusion-column-no-min-height\"><div class=\"fusion-column-wrapper fusion-flex-justify-content-flex-start fusion-content-layout-column\" style=\"background-position:left top;background-repeat:no-repeat;-webkit-background-size:cover;-moz-background-size:cover;-o-background-size:cover;background-size:cover;padding: 0px 0px 0px 0px;\"><div class=\"fusion-text fusion-text-1\"><p><span class=\"fusion-dropcap dropcap dropcap-boxed\" style=\"border-radius:1px;\">F<\/span>ray Pedro Aliaga Asensio, ministro provincial de la Orden de la Sant\u00edsima Trinidad y de los Cautivos expuso profusamente el cronograma amplio, de unos cuatro siglos y medio, as\u00ed como los esfuerzos de diferentes personas, entidades, instituciones y altos cargos que hicieron posible que Juan de \u00c1vila, un \u201csacerdote pobre\u201d pasara al m\u00e1s alto reconocimiento universal como doctor de la Iglesia.<\/p>\n<p>Fue este pasado s\u00e1bado, en el transcurso de las VII Jornadas Avilistas organizadas por la Hermandad de San Juan de \u00c1vila y San Juan Bautista de la Concepci\u00f3n, con la colaboraci\u00f3n de la Parroquia de Almod\u00f3var del Campo y que, como pre\u00e1mbulo de apertura del I A\u00f1o Avilista que ya celebra la poblaci\u00f3n natal de ambos santos, cont\u00f3 con la asistencia de numeros\u00edsimo p\u00fablico en el templo parroquial.<\/p>\n<p>Si el p\u00e1rroco Juan Carlos Torres introdujo la charla indicando que en el d\u00e9cimo aniversario del doctorado del maestro \u00c1vila \u201cse vio muy adecuado\u201d hacer confluir \u201cel alma de Juan de \u00c1vila y el alma de Juan Bautista de la Concepci\u00f3n en la figura de los trinitarios que tanto aportaron en este proceso\u201d, la presidenta de la Hermandad, Isabel Fern\u00e1ndez, esboz\u00f3 lo m\u00e1s significativo de la trayectoria vital y estudiosa del ponente.<\/p>\n<p>Natural de Villanueva del Arzobispo, en Ja\u00e9n y doctor en Historia Eclesi\u00e1stica por la Universidad Pontificia Gregoriana de Roma, se destac\u00f3 del padre Aliaga Asesio virtudes como ser \u201capasionado, trabajador infatigable, comprometido, polifac\u00e9tico y prol\u00edfico escritor de diferentes obras\u201d, as\u00ed como haber estado siempre \u201cmuy interesado en la vida y la obra de san Juan de \u00c1vila y profundo conocedor del proceso de beatificaci\u00f3n\u201d.<\/p>\n<p>El aludido expres\u00f3 de inicio \u201cel placer\u201d de poder regresar a Almod\u00f3var del Campo, por ser tambi\u00e9n la cuna del reformador de la orden a la que pertenece, la de la Sant\u00edsima Trinidad y en su profusa exposici\u00f3n refiri\u00f3 que su congregaci\u00f3n asumi\u00f3 la causa de la beatificaci\u00f3n del maestro \u00c1vila durante casi un siglo, en un \u201cempresa que no fue f\u00e1cil\u201d en su conjunto, desde su muerte terrenal en 1569 y su proclamaci\u00f3n como doctor de la Iglesia en 2012.<\/p>\n<p>Diez a\u00f1os despu\u00e9s del \u00f3bito, en Montilla (C\u00f3rdoba), bajo la \u201cextraordinaria fama de santidad\u201d que le reconocieron sus coet\u00e1neos junto con su magisterio, \u201cse inicia todo\u201d, dijo fray Pedro, fama que \u201ccorri\u00f3 pareja con la difusi\u00f3n de su doctrina\u201d. Habr\u00eda de esperarse a 1623, eso s\u00ed, para que la Congregaci\u00f3n de San Pedro Ap\u00f3stol de presb\u00edteros seculares naturales de Madrid iniciara formalmente los trabajos conducentes a la beatificaci\u00f3n.<\/p>\n<div id=\"attachment_2123\" style=\"width: 960px\" class=\"wp-caption aligncenter\"><img aria-describedby=\"caption-attachment-2123\" decoding=\"async\" class=\" wp-image-2123\" src=\"https:\/\/vocatio.es\/wp-content\/uploads\/2022\/10\/La-charla-se-celebr\u00f3-en-la-tarde-del-pasado-s\u00e1bado-300x200.jpg\" alt=\"\" width=\"950\" height=\"633\" srcset=\"https:\/\/vocatio.es\/wp-content\/uploads\/2022\/10\/La-charla-se-celebr\u00f3-en-la-tarde-del-pasado-s\u00e1bado-200x133.jpg 200w, https:\/\/vocatio.es\/wp-content\/uploads\/2022\/10\/La-charla-se-celebr\u00f3-en-la-tarde-del-pasado-s\u00e1bado-300x200.jpg 300w, https:\/\/vocatio.es\/wp-content\/uploads\/2022\/10\/La-charla-se-celebr\u00f3-en-la-tarde-del-pasado-s\u00e1bado-400x267.jpg 400w, https:\/\/vocatio.es\/wp-content\/uploads\/2022\/10\/La-charla-se-celebr\u00f3-en-la-tarde-del-pasado-s\u00e1bado-600x400.jpg 600w, https:\/\/vocatio.es\/wp-content\/uploads\/2022\/10\/La-charla-se-celebr\u00f3-en-la-tarde-del-pasado-s\u00e1bado-768x512.jpg 768w, https:\/\/vocatio.es\/wp-content\/uploads\/2022\/10\/La-charla-se-celebr\u00f3-en-la-tarde-del-pasado-s\u00e1bado-800x533.jpg 800w, https:\/\/vocatio.es\/wp-content\/uploads\/2022\/10\/La-charla-se-celebr\u00f3-en-la-tarde-del-pasado-s\u00e1bado-1024x683.jpg 1024w, https:\/\/vocatio.es\/wp-content\/uploads\/2022\/10\/La-charla-se-celebr\u00f3-en-la-tarde-del-pasado-s\u00e1bado.jpg 1026w\" sizes=\"(max-width: 950px) 100vw, 950px\" \/><p id=\"caption-attachment-2123\" class=\"wp-caption-text\">La charla se celebr\u00f3 en la tarde del pasado s\u00e1bado.<\/p><\/div>\n<p>Fue un a\u00f1o despu\u00e9s de que varios sacerdotes andaluces solicitaran recabar su apoyo y en la necesidad de requerir fondos por parte de dicha congregaci\u00f3n desde, Almod\u00f3var del Campo, a trav\u00e9s del ayuntamiento de aquella \u00e9poca y de la clerec\u00eda del Cabildo tambi\u00e9n de esta villa, se aportaron 500 reales. \u201cTambi\u00e9n los obispos de Sevilla, Granada y Ja\u00e9n y otras personas animaron a seguir estos trabajos y enviando limosna para los gastos\u201d.<\/p>\n<p>Y en oto\u00f1o de 1623 ya se enviar\u00e1 un edicto a los lugares donde hab\u00eda vivido Juan de \u00c1vila, juntamente con un interrogatorio para que testigos que as\u00ed lo quisieran, pudieran declarar sobre su vida y virtudes, sum\u00e1ndose tambi\u00e9n a ello el licenciado almodovare\u00f1o Mart\u00edn Ruiz de la Mesa, capell\u00e1n del Consejo Supremo de Castilla. Procesos informativos que alcanzaron Almod\u00f3var, entre marzo y mayo de 1624, as\u00ed como Ja\u00e9n, And\u00fajar, Baeza, Montilla, Granada, C\u00f3rdoba y Madrid. Sus resultados llegar\u00edan a Roma en 1631.<\/p>\n<p>Pero la causa quedar\u00eda paralizada hasta que un siglo m\u00e1s tarde, en 1731, el arzobispo de Toledo retoma su continuaci\u00f3n en una nueva etapa, pidiendo al Papa Clemente XII que la favoreciera. Se nombr\u00f3 as\u00ed all\u00ed, en Roma, al primer postulador de la causa, Mart\u00edn de Barcia y tambi\u00e9n se acabar\u00e1 implicando la misma Corona de Espa\u00f1a, pasando el aludido a la condici\u00f3n de real postulador por decisi\u00f3n de Felipe V en 1737.<\/p>\n<p>Para el ponente, otro hito de esta secular andadura fue cuando el 8 de febrero de 1759, el Papa Clemente XIII declaraba que el maestro \u00c1vila \u201chab\u00eda ejercido las virtudes en grado heroico\u201d y que se pod\u00eda proceder a la discusi\u00f3n de los tres milagros necesarios para la beatificaci\u00f3n. Aunque todo se paraliza de nuevo e incluso, durante 20 a\u00f1os, se carecer de postulador que siga adelante y en 1792 Almod\u00f3var del Campo pasa a tomar las riendas.<\/p>\n<blockquote>\n<p><strong>Prolija conferencia del ministro provincial de la Orden de la Sant\u00edsima Trinidad y de los Cautivos durante las VII Jornadas Avilistas que organiz\u00f3, un a\u00f1o m\u00e1s, la Hermandad de los Santos de Almod\u00f3var del Campo<\/strong><\/p>\n<\/blockquote>\n<p>Fue con la cofrad\u00eda existente entonces de la Congregaci\u00f3n de Siervos de Mar\u00eda, que se comprometi\u00f3 adem\u00e1s a sufragar los gastos correspondientes y siendo reconocida como ponente. Al poco tiempo esta entidad ser\u00eda absorbida por la Real Archicofrad\u00eda Sacramental de Almod\u00f3var del Campo, vigente actualmente y que hered\u00f3 este rol de ponente de la causa, algo que queda incluso reflejado en sus estatutos fundacionales.<\/p>\n<p>En todo caso habr\u00e1 que esperar a 1862. \u201cEs el a\u00f1o en que las cosas cambian, al asumir los trinitarios la causa de beatificaci\u00f3n del padre \u00c1vila\u201d, explic\u00f3 el fray Pedro Aliaga. Por aquel entonces, esta orden todav\u00eda no hab\u00eda podido regresar a Espa\u00f1a tras la supresi\u00f3n que sufri\u00f3 como consecuencia de la Ley de Desamortizaci\u00f3n de Mendiz\u00e1bal en 1835, aunque la vista del ministro general de los trinitarios descalzos italianos, propici\u00f3 el giro.<\/p>\n<p>El referido, padre Antonio de la Madre de Dios, \u201cmuy devoto de San Juan Bautista de la Concepci\u00f3n\u201d, por entonces beato, quiso conocer su pueblo natal y fue aqu\u00ed cuando la Sacramental le pidi\u00f3 asumir la postulaci\u00f3n de la causa de beatificaci\u00f3n. \u201cY acept\u00f3, centr\u00e1ndose en dar a conocer a \u00c1vila por medio de publicaciones e hinc\u00f3 el diente para el tema de los milagros, tan determinante, en la beatificaci\u00f3n\u201d, dijo el invitado.<\/p>\n<p>Para desencallar esta circunstancia en noviembre de 1867 se logr\u00f3 que la Congregaci\u00f3n de Ritos dispensase del uso de f\u00f3rmulas reglamentarias para la validez de un proceso que asumi\u00f3, junto a la continuidad de la orden trinitaria, uno de sus componentes, el padre vasco Bernardino del Sant\u00edsimo Sacramento. \u00c9l \u201cllev\u00f3 a san Juan de \u00c1vila a la beatificaci\u00f3n\u201d porque \u201cse lo curr\u00f3 aut\u00e9nticamente\u201d como nuevo postulador desde 1879.<\/p>\n<div id=\"attachment_2124\" style=\"width: 822px\" class=\"wp-caption aligncenter\"><img aria-describedby=\"caption-attachment-2124\" decoding=\"async\" class=\" wp-image-2124\" src=\"https:\/\/vocatio.es\/wp-content\/uploads\/2022\/10\/La-VII-Jornadas-Avilistas-fueron-el-pre\u00e1mbulo-a-la-apertura-del-I-A\u00f1o-Avilista-de-Almod\u00f3var-del-Campo-300x200.jpg\" alt=\"\" width=\"812\" height=\"541\" srcset=\"https:\/\/vocatio.es\/wp-content\/uploads\/2022\/10\/La-VII-Jornadas-Avilistas-fueron-el-pre\u00e1mbulo-a-la-apertura-del-I-A\u00f1o-Avilista-de-Almod\u00f3var-del-Campo-200x133.jpg 200w, https:\/\/vocatio.es\/wp-content\/uploads\/2022\/10\/La-VII-Jornadas-Avilistas-fueron-el-pre\u00e1mbulo-a-la-apertura-del-I-A\u00f1o-Avilista-de-Almod\u00f3var-del-Campo-300x200.jpg 300w, https:\/\/vocatio.es\/wp-content\/uploads\/2022\/10\/La-VII-Jornadas-Avilistas-fueron-el-pre\u00e1mbulo-a-la-apertura-del-I-A\u00f1o-Avilista-de-Almod\u00f3var-del-Campo-400x267.jpg 400w, https:\/\/vocatio.es\/wp-content\/uploads\/2022\/10\/La-VII-Jornadas-Avilistas-fueron-el-pre\u00e1mbulo-a-la-apertura-del-I-A\u00f1o-Avilista-de-Almod\u00f3var-del-Campo-600x400.jpg 600w, https:\/\/vocatio.es\/wp-content\/uploads\/2022\/10\/La-VII-Jornadas-Avilistas-fueron-el-pre\u00e1mbulo-a-la-apertura-del-I-A\u00f1o-Avilista-de-Almod\u00f3var-del-Campo-768x512.jpg 768w, https:\/\/vocatio.es\/wp-content\/uploads\/2022\/10\/La-VII-Jornadas-Avilistas-fueron-el-pre\u00e1mbulo-a-la-apertura-del-I-A\u00f1o-Avilista-de-Almod\u00f3var-del-Campo-800x533.jpg 800w, https:\/\/vocatio.es\/wp-content\/uploads\/2022\/10\/La-VII-Jornadas-Avilistas-fueron-el-pre\u00e1mbulo-a-la-apertura-del-I-A\u00f1o-Avilista-de-Almod\u00f3var-del-Campo-1024x683.jpg 1024w, https:\/\/vocatio.es\/wp-content\/uploads\/2022\/10\/La-VII-Jornadas-Avilistas-fueron-el-pre\u00e1mbulo-a-la-apertura-del-I-A\u00f1o-Avilista-de-Almod\u00f3var-del-Campo.jpg 1026w\" sizes=\"(max-width: 812px) 100vw, 812px\" \/><p id=\"caption-attachment-2124\" class=\"wp-caption-text\">La VII Jornadas Avilistas fueron el pre\u00e1mbulo a la apertura del I A\u00f1o Avilista de Almod\u00f3var del Campo.<\/p><\/div>\n<p>Fue el 12 de noviembre de 1893 cuando por fin El Vaticano decret\u00f3 la aprobaci\u00f3n de los tres milagros necesarios, \u201cdespu\u00e9s de muchas peripecias\u201d reconoci\u00f3 el ponente de las VII Jornadas Avilistas, por lo que se fij\u00f3 la fecha de la beatificaci\u00f3n el 15 de abril del a\u00f1o siguiente, con una previsi\u00f3n de gastos de 55.000 francos y en Almod\u00f3var del Campo con la realizaci\u00f3n de una talla del nuevo beato para la iglesia costeada por Francisco Laso.<\/p>\n<p>Tambi\u00e9n se abord\u00f3 el traslado de reliquias a Roma, algo forma parte del rito a celebrar en la bas\u00edlica vaticana, para su veneraci\u00f3n papal, por aquel entonces Le\u00f3n XIII. \u00c9ste llam\u00f3 al padre \u00c1vila con una \u201cexpresi\u00f3n muy interesante\u201d, dijo el conferenciante, en concreto \u201cexcelso pregonero de la Suprema Verdad, sabidur\u00eda y santidad merecedora de alabanza, presb\u00edtero secular a quien se conoc\u00eda con el sobrenombre de maestro por su singular arte en la direcci\u00f3n espiritual\u201d.<\/p>\n<p>El 24 noviembre 1893 se firmaba el decreto para el reconocimiento del cuerpo de Juan de \u00c1vila en Montilla. All\u00ed se abri\u00f3 su sepulcro, se reconocieron los restos y se extrajeron en concreto una clav\u00edcula, el estern\u00f3n, un radio, un c\u00e1lculo vesical de los tres encontrados, una r\u00f3tula, dos metacarpianos y tres tejidos peque\u00f1os al parecer del coraz\u00f3n. Todo ello lleg\u00f3 a Roma una semana despu\u00e9s de la ceremonia, al perderse en el camino su portador.<\/p>\n<p>Tras la beatificaci\u00f3n nada relevante habr\u00eda. Se suceden postuladores varios de la orden trinitaria, siendo el \u00faltimo de esta congregaci\u00f3n el padre Agust\u00edn de la Virgen, con la vista puesta en una canonizaci\u00f3n, que solo se pod\u00eda mover solamente con dos nuevos milagros significativos. En 1952 se dar\u00e1 luz verde a la continuaci\u00f3n de esta causa, seis a\u00f1os despu\u00e9s de que el beato Juan de \u00c1vila fuese declarado patrono del clero secular espa\u00f1ol.<\/p>\n<p>En 1961, a propuesta de los obispos espa\u00f1oles, el papa san Juan XXIII propuso a la Congregaci\u00f3n de Ritos que la nueva causa pudiera seguir el Estatuto de la Canonizaci\u00f3n Equipolente, es decir, \u201ccon dispensa de milagros\u201d, como as\u00ed ya se hab\u00eda hecho en otros casos. Y as\u00ed reconocido, ocho a\u00f1os m\u00e1s tarde el episcopado espa\u00f1ol pidi\u00f3 al papa san Pablo VI la canonizaci\u00f3n quien, el 31 de mayo de 1970, lo canonizaba solemnemente.<\/p>\n<p>En su homil\u00eda de la ceremonia insta a que \u201ccada sacerdote que dudase de su vocaci\u00f3n, puede acercarse a nuestro santo y obtener una respuesta segura\u201d y haciendo un esbozo sint\u00e9tico de su vida, enfatiz\u00f3 su condici\u00f3n de \u201csacerdote de Cristo, ministro de la Iglesia y gu\u00eda para los hermanos\u201d, alabando su predicaci\u00f3n renovadora, exaltando su doctrina y llamando al ya santo \u201ccopia fiel de san Pablo\u201d.<\/p>\n<p>El padre Aliaga Asensio continu\u00f3 su exposici\u00f3n indicando como ya aquel mismo a\u00f1o se empez\u00f3 a mover la intenci\u00f3n del doctorado, constituy\u00e9ndose la comisi\u00f3n correspondiente para trabajar en la nueva \u2018Positio\u2019 que fue terminada en 1989 y se pidi\u00f3 oficialmente ese mismo a\u00f1o en Roma la declaraci\u00f3n. Diez a\u00f1os despu\u00e9s se insisti\u00f3 nuevamente, cuando ya reg\u00edan otros nuevos criterios para probar la eminencia de su doctrina.<\/p>\n<div id=\"attachment_2121\" style=\"width: 729px\" class=\"wp-caption aligncenter\"><img aria-describedby=\"caption-attachment-2121\" decoding=\"async\" class=\" wp-image-2121\" src=\"https:\/\/vocatio.es\/wp-content\/uploads\/2022\/10\/Al-fondo-a-la-derecha-las-reliquias-del-santo-que-guarda-Almod\u00f3var-del-Campo-300x200.jpg\" alt=\"\" width=\"719\" height=\"479\" srcset=\"https:\/\/vocatio.es\/wp-content\/uploads\/2022\/10\/Al-fondo-a-la-derecha-las-reliquias-del-santo-que-guarda-Almod\u00f3var-del-Campo-200x133.jpg 200w, https:\/\/vocatio.es\/wp-content\/uploads\/2022\/10\/Al-fondo-a-la-derecha-las-reliquias-del-santo-que-guarda-Almod\u00f3var-del-Campo-300x200.jpg 300w, https:\/\/vocatio.es\/wp-content\/uploads\/2022\/10\/Al-fondo-a-la-derecha-las-reliquias-del-santo-que-guarda-Almod\u00f3var-del-Campo-400x267.jpg 400w, https:\/\/vocatio.es\/wp-content\/uploads\/2022\/10\/Al-fondo-a-la-derecha-las-reliquias-del-santo-que-guarda-Almod\u00f3var-del-Campo-600x400.jpg 600w, https:\/\/vocatio.es\/wp-content\/uploads\/2022\/10\/Al-fondo-a-la-derecha-las-reliquias-del-santo-que-guarda-Almod\u00f3var-del-Campo-768x512.jpg 768w, https:\/\/vocatio.es\/wp-content\/uploads\/2022\/10\/Al-fondo-a-la-derecha-las-reliquias-del-santo-que-guarda-Almod\u00f3var-del-Campo-800x533.jpg 800w, https:\/\/vocatio.es\/wp-content\/uploads\/2022\/10\/Al-fondo-a-la-derecha-las-reliquias-del-santo-que-guarda-Almod\u00f3var-del-Campo-1024x683.jpg 1024w, https:\/\/vocatio.es\/wp-content\/uploads\/2022\/10\/Al-fondo-a-la-derecha-las-reliquias-del-santo-que-guarda-Almod\u00f3var-del-Campo.jpg 1026w\" sizes=\"(max-width: 719px) 100vw, 719px\" \/><p id=\"caption-attachment-2121\" class=\"wp-caption-text\">Al fondo, a la derecha, las reliquias del santo que guarda Almod\u00f3var del Campo.<\/p><\/div>\n<p>Ello obligaba a rehacer, de nuevo todo el trabajo, nombrando en 2007 la Conferencia Episcopal como postuladora de la causa del doctorado a la directora de su Oficina para las Causas de los Santos, la profesora Mar\u00eda Encarnaci\u00f3n Gonz\u00e1lez Rodr\u00edguez, que reelabor\u00f3 la positio \u201cen un trabajo que la absorbi\u00f3 durante dos a\u00f1os\u201d y el 10 de diciembre de 2009 fue firmada la petici\u00f3n formal para su proclamaci\u00f3n.<\/p>\n<p>Benedicto XVI lo hizo el domingo de 7 de octubre de 2012, reconociendo en san Juan de \u00c1vila \u201cla primac\u00eda de la Gracia que impulsa el buen obrar, la promoci\u00f3n de una espiritualidad de la confianza y la llamada universal a la santidad, vivida como respuesta al amor de Dios; son puntos centrales de la ense\u00f1anza de este presb\u00edtero diocesano que dedic\u00f3 su vida al ejercicio de su ministerio sacerdotal\u201d.<\/p>\n<p>A aquella ceremonia pudo asistir el padre Aliaga, como miembro del consejo general trinitario que era por aquel entonces. \u201cMe sab\u00eda representando a la Orden que durante casi un siglo llev\u00f3 la causa del maestro \u00c1vila y me imaginaba a san Juan Bautista de la Concepci\u00f3n sentado en primera fila, en barrera, en los palcos del Cielo, mirando lo que aquella ma\u00f1ana se celebraba en Roma. Orgulloso de su santo paisano y pariente\u201d, confes\u00f3.<\/p>\n<p>Se completaba as\u00ed un trabajo de siglos y de tes\u00f3n de much\u00edsimas personas e instituciones desde el convencimiento \u201cde la santidad de san Juan de \u00c1vila y de lo seguro de su doctrina como gu\u00eda en el camino del Evangelio, en el seguimiento del Se\u00f1or Jes\u00fas. Fue un camino purificado y aquilatado por el pasar de los a\u00f1os y los siglos\u201d, apostill\u00f3 fray Pedro Aliaga.<\/p>\n<\/div><\/div><style type=\"text\/css\">.fusion-body .fusion-builder-column-1{width:100% !important;margin-top : 0px;margin-bottom : 0px;}.fusion-builder-column-1 > .fusion-column-wrapper {padding-top : 0px !important;padding-right : 0px !important;margin-right : 0px;padding-bottom : 0px !important;padding-left : 0px !important;margin-left : 0px;}@media only screen and (max-width:1024px) {.fusion-body .fusion-builder-column-1{width:100% !important;}.fusion-builder-column-1 > .fusion-column-wrapper {margin-right : 0px;margin-left : 0px;}}@media only screen and (max-width:640px) {.fusion-body .fusion-builder-column-1{width:100% !important;}.fusion-builder-column-1 > .fusion-column-wrapper {margin-right : 0px;margin-left : 0px;}}<\/style><\/div><\/div><style type=\"text\/css\">.fusion-fullwidth.fusion-builder-row-1 { overflow:visible; }.fusion-body .fusion-flex-container.fusion-builder-row-1{ padding-top : 0px;margin-top : 0px;padding-right : 0px;padding-bottom : 0px;margin-bottom : 0px;padding-left : 0px;}<\/style><\/div>\n","protected":false},"excerpt":{"rendered":"","protected":false},"author":3,"featured_media":2122,"comment_status":"open","ping_status":"closed","sticky":false,"template":"","format":"standard","meta":[],"categories":[4],"tags":[],"yoast_head":"<!-- This site is optimized with the Yoast SEO plugin v19.9 - https:\/\/yoast.com\/wordpress\/plugins\/seo\/ -->\n<title>Fray Pedro Aliaga Asensio recorri\u00f3 los cuatro siglos y medio de \u201cvicisitudes\u201d para llevar al padre Juan de \u00c1vila a su doctorado - Vocatio<\/title>\n<meta name=\"robots\" content=\"index, follow, max-snippet:-1, max-image-preview:large, max-video-preview:-1\" \/>\n<link rel=\"canonical\" href=\"https:\/\/vocatio.es\/index.php\/2022\/10\/12\/fray-pedro-aliaga-asensio-recorrio-los-cuatro-siglos-y-medio-de-vicisitudes-para-llevar-al-padre-juan-de-avila-a-su-doctorado\/\" \/>\n<meta property=\"og:locale\" content=\"es_ES\" \/>\n<meta property=\"og:type\" content=\"article\" \/>\n<meta property=\"og:title\" content=\"Fray Pedro Aliaga Asensio recorri\u00f3 los cuatro siglos y medio de \u201cvicisitudes\u201d para llevar al padre Juan de \u00c1vila a su doctorado - Vocatio\" \/>\n<meta property=\"og:url\" content=\"https:\/\/vocatio.es\/index.php\/2022\/10\/12\/fray-pedro-aliaga-asensio-recorrio-los-cuatro-siglos-y-medio-de-vicisitudes-para-llevar-al-padre-juan-de-avila-a-su-doctorado\/\" \/>\n<meta property=\"og:site_name\" content=\"Vocatio\" \/>\n<meta property=\"article:published_time\" content=\"2022-10-12T10:20:35+00:00\" \/>\n<meta property=\"article:modified_time\" content=\"2022-10-12T10:26:21+00:00\" \/>\n<meta property=\"og:image\" content=\"https:\/\/vocatio.es\/wp-content\/uploads\/2022\/10\/El-p\u00e1rroco-Juan-Carlos-Torres-y-el-padre-trinitaria-fray-Pedro-Aliaga.jpg\" \/>\n\t<meta property=\"og:image:width\" content=\"1026\" \/>\n\t<meta property=\"og:image:height\" content=\"684\" \/>\n\t<meta property=\"og:image:type\" content=\"image\/jpeg\" \/>\n<meta name=\"author\" content=\"VOCATIO\" \/>\n<meta name=\"twitter:card\" content=\"summary_large_image\" \/>\n<meta name=\"twitter:label1\" content=\"Escrito por\" \/>\n\t<meta name=\"twitter:data1\" content=\"VOCATIO\" \/>\n\t<meta name=\"twitter:label2\" content=\"Tiempo de lectura\" \/>\n\t<meta name=\"twitter:data2\" content=\"12 minutos\" \/>\n<script type=\"application\/ld+json\" class=\"yoast-schema-graph\">{\"@context\":\"https:\/\/schema.org\",\"@graph\":[{\"@type\":\"WebPage\",\"@id\":\"https:\/\/vocatio.es\/index.php\/2022\/10\/12\/fray-pedro-aliaga-asensio-recorrio-los-cuatro-siglos-y-medio-de-vicisitudes-para-llevar-al-padre-juan-de-avila-a-su-doctorado\/\",\"url\":\"https:\/\/vocatio.es\/index.php\/2022\/10\/12\/fray-pedro-aliaga-asensio-recorrio-los-cuatro-siglos-y-medio-de-vicisitudes-para-llevar-al-padre-juan-de-avila-a-su-doctorado\/\",\"name\":\"Fray Pedro Aliaga Asensio recorri\u00f3 los cuatro siglos y medio de \u201cvicisitudes\u201d para llevar al padre Juan de \u00c1vila a su doctorado - Vocatio\",\"isPartOf\":{\"@id\":\"https:\/\/vocatio.es\/#website\"},\"datePublished\":\"2022-10-12T10:20:35+00:00\",\"dateModified\":\"2022-10-12T10:26:21+00:00\",\"author\":{\"@id\":\"https:\/\/vocatio.es\/#\/schema\/person\/48bda42f90fbdcb0fc5b7978f42dae2d\"},\"breadcrumb\":{\"@id\":\"https:\/\/vocatio.es\/index.php\/2022\/10\/12\/fray-pedro-aliaga-asensio-recorrio-los-cuatro-siglos-y-medio-de-vicisitudes-para-llevar-al-padre-juan-de-avila-a-su-doctorado\/#breadcrumb\"},\"inLanguage\":\"es\",\"potentialAction\":[{\"@type\":\"ReadAction\",\"target\":[\"https:\/\/vocatio.es\/index.php\/2022\/10\/12\/fray-pedro-aliaga-asensio-recorrio-los-cuatro-siglos-y-medio-de-vicisitudes-para-llevar-al-padre-juan-de-avila-a-su-doctorado\/\"]}]},{\"@type\":\"BreadcrumbList\",\"@id\":\"https:\/\/vocatio.es\/index.php\/2022\/10\/12\/fray-pedro-aliaga-asensio-recorrio-los-cuatro-siglos-y-medio-de-vicisitudes-para-llevar-al-padre-juan-de-avila-a-su-doctorado\/#breadcrumb\",\"itemListElement\":[{\"@type\":\"ListItem\",\"position\":1,\"name\":\"Portada\",\"item\":\"https:\/\/vocatio.es\/\"},{\"@type\":\"ListItem\",\"position\":2,\"name\":\"Fray Pedro Aliaga Asensio recorri\u00f3 los cuatro siglos y medio de \u201cvicisitudes\u201d para llevar al padre Juan de \u00c1vila a su doctorado\"}]},{\"@type\":\"WebSite\",\"@id\":\"https:\/\/vocatio.es\/#website\",\"url\":\"https:\/\/vocatio.es\/\",\"name\":\"Vocatio\",\"description\":\"San Juan de \u00c1vila en Almod\u00f3var del Campo\",\"potentialAction\":[{\"@type\":\"SearchAction\",\"target\":{\"@type\":\"EntryPoint\",\"urlTemplate\":\"https:\/\/vocatio.es\/?s={search_term_string}\"},\"query-input\":\"required name=search_term_string\"}],\"inLanguage\":\"es\"},{\"@type\":\"Person\",\"@id\":\"https:\/\/vocatio.es\/#\/schema\/person\/48bda42f90fbdcb0fc5b7978f42dae2d\",\"name\":\"VOCATIO\",\"image\":{\"@type\":\"ImageObject\",\"inLanguage\":\"es\",\"@id\":\"https:\/\/vocatio.es\/#\/schema\/person\/image\/\",\"url\":\"https:\/\/secure.gravatar.com\/avatar\/421be2eaf798584800993258d9f92701?s=96&d=mm&r=g\",\"contentUrl\":\"https:\/\/secure.gravatar.com\/avatar\/421be2eaf798584800993258d9f92701?s=96&d=mm&r=g\",\"caption\":\"VOCATIO\"},\"sameAs\":[\"http:\/\/entremedios.es\"],\"url\":\"https:\/\/vocatio.es\/index.php\/author\/paco-acero\/\"}]}<\/script>\n<!-- \/ Yoast SEO plugin. -->","yoast_head_json":{"title":"Fray Pedro Aliaga Asensio recorri\u00f3 los cuatro siglos y medio de \u201cvicisitudes\u201d para llevar al padre Juan de \u00c1vila a su doctorado - Vocatio","robots":{"index":"index","follow":"follow","max-snippet":"max-snippet:-1","max-image-preview":"max-image-preview:large","max-video-preview":"max-video-preview:-1"},"canonical":"https:\/\/vocatio.es\/index.php\/2022\/10\/12\/fray-pedro-aliaga-asensio-recorrio-los-cuatro-siglos-y-medio-de-vicisitudes-para-llevar-al-padre-juan-de-avila-a-su-doctorado\/","og_locale":"es_ES","og_type":"article","og_title":"Fray Pedro Aliaga Asensio recorri\u00f3 los cuatro siglos y medio de \u201cvicisitudes\u201d para llevar al padre Juan de \u00c1vila a su doctorado - Vocatio","og_url":"https:\/\/vocatio.es\/index.php\/2022\/10\/12\/fray-pedro-aliaga-asensio-recorrio-los-cuatro-siglos-y-medio-de-vicisitudes-para-llevar-al-padre-juan-de-avila-a-su-doctorado\/","og_site_name":"Vocatio","article_published_time":"2022-10-12T10:20:35+00:00","article_modified_time":"2022-10-12T10:26:21+00:00","og_image":[{"width":1026,"height":684,"url":"https:\/\/vocatio.es\/wp-content\/uploads\/2022\/10\/El-p\u00e1rroco-Juan-Carlos-Torres-y-el-padre-trinitaria-fray-Pedro-Aliaga.jpg","type":"image\/jpeg"}],"author":"VOCATIO","twitter_card":"summary_large_image","twitter_misc":{"Escrito por":"VOCATIO","Tiempo de lectura":"12 minutos"},"schema":{"@context":"https:\/\/schema.org","@graph":[{"@type":"WebPage","@id":"https:\/\/vocatio.es\/index.php\/2022\/10\/12\/fray-pedro-aliaga-asensio-recorrio-los-cuatro-siglos-y-medio-de-vicisitudes-para-llevar-al-padre-juan-de-avila-a-su-doctorado\/","url":"https:\/\/vocatio.es\/index.php\/2022\/10\/12\/fray-pedro-aliaga-asensio-recorrio-los-cuatro-siglos-y-medio-de-vicisitudes-para-llevar-al-padre-juan-de-avila-a-su-doctorado\/","name":"Fray Pedro Aliaga Asensio recorri\u00f3 los cuatro siglos y medio de \u201cvicisitudes\u201d para llevar al padre Juan de \u00c1vila a su doctorado - Vocatio","isPartOf":{"@id":"https:\/\/vocatio.es\/#website"},"datePublished":"2022-10-12T10:20:35+00:00","dateModified":"2022-10-12T10:26:21+00:00","author":{"@id":"https:\/\/vocatio.es\/#\/schema\/person\/48bda42f90fbdcb0fc5b7978f42dae2d"},"breadcrumb":{"@id":"https:\/\/vocatio.es\/index.php\/2022\/10\/12\/fray-pedro-aliaga-asensio-recorrio-los-cuatro-siglos-y-medio-de-vicisitudes-para-llevar-al-padre-juan-de-avila-a-su-doctorado\/#breadcrumb"},"inLanguage":"es","potentialAction":[{"@type":"ReadAction","target":["https:\/\/vocatio.es\/index.php\/2022\/10\/12\/fray-pedro-aliaga-asensio-recorrio-los-cuatro-siglos-y-medio-de-vicisitudes-para-llevar-al-padre-juan-de-avila-a-su-doctorado\/"]}]},{"@type":"BreadcrumbList","@id":"https:\/\/vocatio.es\/index.php\/2022\/10\/12\/fray-pedro-aliaga-asensio-recorrio-los-cuatro-siglos-y-medio-de-vicisitudes-para-llevar-al-padre-juan-de-avila-a-su-doctorado\/#breadcrumb","itemListElement":[{"@type":"ListItem","position":1,"name":"Portada","item":"https:\/\/vocatio.es\/"},{"@type":"ListItem","position":2,"name":"Fray Pedro Aliaga Asensio recorri\u00f3 los cuatro siglos y medio de \u201cvicisitudes\u201d para llevar al padre Juan de \u00c1vila a su doctorado"}]},{"@type":"WebSite","@id":"https:\/\/vocatio.es\/#website","url":"https:\/\/vocatio.es\/","name":"Vocatio","description":"San Juan de \u00c1vila en Almod\u00f3var del Campo","potentialAction":[{"@type":"SearchAction","target":{"@type":"EntryPoint","urlTemplate":"https:\/\/vocatio.es\/?s={search_term_string}"},"query-input":"required name=search_term_string"}],"inLanguage":"es"},{"@type":"Person","@id":"https:\/\/vocatio.es\/#\/schema\/person\/48bda42f90fbdcb0fc5b7978f42dae2d","name":"VOCATIO","image":{"@type":"ImageObject","inLanguage":"es","@id":"https:\/\/vocatio.es\/#\/schema\/person\/image\/","url":"https:\/\/secure.gravatar.com\/avatar\/421be2eaf798584800993258d9f92701?s=96&d=mm&r=g","contentUrl":"https:\/\/secure.gravatar.com\/avatar\/421be2eaf798584800993258d9f92701?s=96&d=mm&r=g","caption":"VOCATIO"},"sameAs":["http:\/\/entremedios.es"],"url":"https:\/\/vocatio.es\/index.php\/author\/paco-acero\/"}]}},"_links":{"self":[{"href":"https:\/\/vocatio.es\/index.php\/wp-json\/wp\/v2\/posts\/2120"}],"collection":[{"href":"https:\/\/vocatio.es\/index.php\/wp-json\/wp\/v2\/posts"}],"about":[{"href":"https:\/\/vocatio.es\/index.php\/wp-json\/wp\/v2\/types\/post"}],"author":[{"embeddable":true,"href":"https:\/\/vocatio.es\/index.php\/wp-json\/wp\/v2\/users\/3"}],"replies":[{"embeddable":true,"href":"https:\/\/vocatio.es\/index.php\/wp-json\/wp\/v2\/comments?post=2120"}],"version-history":[{"count":3,"href":"https:\/\/vocatio.es\/index.php\/wp-json\/wp\/v2\/posts\/2120\/revisions"}],"predecessor-version":[{"id":2127,"href":"https:\/\/vocatio.es\/index.php\/wp-json\/wp\/v2\/posts\/2120\/revisions\/2127"}],"wp:featuredmedia":[{"embeddable":true,"href":"https:\/\/vocatio.es\/index.php\/wp-json\/wp\/v2\/media\/2122"}],"wp:attachment":[{"href":"https:\/\/vocatio.es\/index.php\/wp-json\/wp\/v2\/media?parent=2120"}],"wp:term":[{"taxonomy":"category","embeddable":true,"href":"https:\/\/vocatio.es\/index.php\/wp-json\/wp\/v2\/categories?post=2120"},{"taxonomy":"post_tag","embeddable":true,"href":"https:\/\/vocatio.es\/index.php\/wp-json\/wp\/v2\/tags?post=2120"}],"curies":[{"name":"wp","href":"https:\/\/api.w.org\/{rel}","templated":true}]}}