{"id":2105,"date":"2022-06-12T17:06:02","date_gmt":"2022-06-12T17:06:02","guid":{"rendered":"https:\/\/vocatio.es\/?p=2105"},"modified":"2022-06-12T17:06:02","modified_gmt":"2022-06-12T17:06:02","slug":"afammer-almodovar-del-campo-colabora-con-380-euros-a-la-cuestacion-para-liquidar-las-humedades-de-la-parroquia","status":"publish","type":"post","link":"https:\/\/vocatio.es\/index.php\/2022\/06\/12\/afammer-almodovar-del-campo-colabora-con-380-euros-a-la-cuestacion-para-liquidar-las-humedades-de-la-parroquia\/","title":{"rendered":"AFAMMER Almod\u00f3var del Campo colabora con 380 euros a la cuestaci\u00f3n para liquidar las humedades de la parroquia"},"content":{"rendered":"<div class=\"fusion-fullwidth fullwidth-box fusion-builder-row-1 fusion-flex-container hundred-percent-fullwidth non-hundred-percent-height-scrolling\" style=\"background-color: rgba(255,255,255,0);background-position: center center;background-repeat: no-repeat;border-width: 0px 0px 0px 0px;border-color:var(--awb-color3);border-style:solid;\" ><div class=\"fusion-builder-row fusion-row fusion-flex-align-items-flex-start\" style=\"width:calc( 100% + 0px ) !important;max-width:calc( 100% + 0px ) !important;margin-left: calc(-0px \/ 2 );margin-right: calc(-0px \/ 2 );\"><div class=\"fusion-layout-column fusion_builder_column fusion-builder-column-0 fusion_builder_column_1_1 1_1 fusion-flex-column fusion-flex-align-self-flex-start fusion-column-no-min-height\"><div class=\"fusion-column-wrapper fusion-flex-justify-content-flex-start fusion-content-layout-column\" style=\"background-position:left top;background-repeat:no-repeat;-webkit-background-size:cover;-moz-background-size:cover;-o-background-size:cover;background-size:cover;padding: 0px 0px 0px 0px;\"><style type=\"text\/css\">@media only screen and (max-width:1024px) {.fusion-title.fusion-title-1{margin-top:10px!important; margin-right:0px!important;margin-bottom:15px!important;margin-left:0px!important;}}@media only screen and (max-width:640px) {.fusion-title.fusion-title-1{margin-top:10px!important; margin-right:0px!important;margin-bottom:10px!important; margin-left:0px!important;}}<\/style><div class=\"fusion-title title fusion-title-1 fusion-sep-none fusion-title-text fusion-title-size-two\" style=\"margin-top:10px;margin-right:0px;margin-bottom:15px;margin-left:0px;\"><h2 class=\"title-heading-left fusion-responsive-typography-calculated\" style=\"margin:0;--fontSize:26;line-height:1.69;\">AFAMMER Almod\u00f3var del Campo colabora con 380 euros a la cuestaci\u00f3n para liquidar las humedades de la parroquia<\/h2><\/div><div class=\"fusion-separator fusion-full-width-sep\" style=\"align-self: center;margin-left: auto;margin-right: auto;margin-top:5px;margin-bottom:5px;width:100%;\"><\/div><\/div><style type=\"text\/css\">.fusion-body .fusion-builder-column-0{width:100% !important;margin-top : 0px;margin-bottom : 0px;}.fusion-builder-column-0 > .fusion-column-wrapper {padding-top : 0px !important;padding-right : 0px !important;margin-right : 0px;padding-bottom : 0px !important;padding-left : 0px !important;margin-left : 0px;}@media only screen and (max-width:1024px) {.fusion-body .fusion-builder-column-0{width:100% !important;}.fusion-builder-column-0 > .fusion-column-wrapper {margin-right : 0px;margin-left : 0px;}}@media only screen and (max-width:640px) {.fusion-body .fusion-builder-column-0{width:100% !important;}.fusion-builder-column-0 > .fusion-column-wrapper {margin-right : 0px;margin-left : 0px;}}<\/style><\/div><div class=\"fusion-layout-column fusion_builder_column fusion-builder-column-1 fusion_builder_column_1_1 1_1 fusion-flex-column fusion-flex-align-self-flex-start fusion-column-no-min-height\"><div class=\"fusion-column-wrapper fusion-flex-justify-content-flex-start fusion-content-layout-column\" style=\"background-position:left top;background-repeat:no-repeat;-webkit-background-size:cover;-moz-background-size:cover;-o-background-size:cover;background-size:cover;padding: 0px 0px 0px 0px;\"><div class=\"fusion-text fusion-text-1\"><span class=\"fusion-dropcap dropcap dropcap-boxed\" style=\"border-radius:1px;\">E<\/span>\n<p>AFAMMER Almod\u00f3var del Campo-Valle de Alcudia ha contribuido, con cuatro metros cuadrados, a la original cuestaci\u00f3n con que la Parroquia almodovense est\u00e1 recabando colaboraciones para poder zanjar de ra\u00edz las humedades que desde el subsuelo atenazan paredes y el propio suelo del templo \u2018Nuestra Se\u00f1ora de la Asunci\u00f3n\u2019.<\/p>\n<p>Un proyecto necesario a tenor de los da\u00f1os que desde hace ya muchos a\u00f1os viene provocando el agua de la zona, donde el nivel fre\u00e1tico es tan alto que no hay otra manera de impedir filtraciones por capilaridad que no sea levantando todo el solado, excavar y establecer un sistema de bombeo capaz de reducir el caudal que se acumula por debajo.<\/p>\n<p>\u201cEntre nuestros objetivos fundacionales est\u00e1 tambi\u00e9n el contribuir a la conservaci\u00f3n del patrimonio hist\u00f3rico, arquitect\u00f3nico y cultural de nuestro \u00e1mbito de actuaci\u00f3n, por lo que ante el llamamiento del p\u00e1rroco de Almod\u00f3var, decidimos destinar parte de los fondos de nuestro colectivo a esta importante misi\u00f3n\u201d, explica la presidenta Mari Carmen Cervera.<\/p>\n<p>Junto a ella, otras integrantes de la Asociaci\u00f3n de Familias y Mujeres del Medio Rural en su delegaci\u00f3n local y comarcal, ha entregado al titular de la Parroquia de Almod\u00f3var del Campo, Juan Carlos Torres, el importe equivalente a los cuatro metros cuadrados de actuaci\u00f3n, por un total de 380 euros.<\/p>\n<p>Cabe se\u00f1alar que esta especie de crowdfunding o micromecenazgo se articula en la divisi\u00f3n del total de metros cuadrados de la iglesia, que est\u00e1 declarada Bien de Inter\u00e9s Cultural y es Zona de Especial Protecci\u00f3n de Aves Urbana, por el total del importe que costar\u00e1 ejecutar el proyecto una vez se complete el total del dinero necesario.<\/p>\n<p>El presupuesto de la actuaci\u00f3n asciende a los 85.000 euros y los metros cuadrados totales de este inmueble son 896, de manera que el coste de estas obras de saneamiento del subsuelo, que incluyen tambi\u00e9n la imprescindible renovaci\u00f3n del solado actual, ya muy degradado y crear una tercera boca de calefacci\u00f3n, es de 95 euros por metro cuadrado.<\/p>\n<p>Juan Carlos Torres ha agradecido a AFAMMER el gesto y tambi\u00e9n a personas y entidades que ya han realizado su aportaci\u00f3n, animando \u201ca asociaciones, instituciones y ciudadan\u00eda a sumarse a este proyecto para un edificio que forma parte del legado de generaciones anteriores de almodovenses y que tenemos que cuidar para las pr\u00f3ximas generaciones\u201d.<\/p>\n<p>Cervera, por su parte, considera que \u201ccon aportaciones como la que hacemos desde AFAMMER y considerando el gran tejido asociativo que hay en el municipio de Almod\u00f3var del Campo, entre todos, tambi\u00e9n vecinos a t\u00edtulo particular, podemos hacer realidad un proyecto ante el que ya no se puede perder m\u00e1s tiempo y requiere de total generosidad\u201d.<\/p>\n<p>Para facilitar visualmente el avance de esta cuestaci\u00f3n cultural, junto a la entrada principal del templo se ha expuesto un panel en el que gr\u00e1ficamente se muestra el n\u00famero de aportaciones, sobre un plano de la planta de la iglesia que ha sido dividido en 896 cuadrados y en cuyo interior la entidad o persona interesada puede reservar su aportaci\u00f3n.<\/p>\n<p>Una vez hecha la reserva, la donaci\u00f3n, que conlleva desgravaci\u00f3n de la declaraci\u00f3n del IRPF si as\u00ed tambi\u00e9n se solicita, se puede efectuar en met\u00e1lico llevando el importe a la sacrist\u00eda, a trav\u00e9s de las cuentas de que dispone la propia Parroquia en diferentes entidades bancarias o, incluso, envi\u00e1ndolo mediante Bizum al 04961.<\/p>\n<blockquote>\n<p><strong><em>El proyecto exige la excavaci\u00f3n integral del suelo para abordar as\u00ed el rebaje del nivel fre\u00e1tico. <\/em><\/strong><\/p>\n<\/blockquote>\n<\/div><div ><span class=\" fusion-imageframe imageframe-none imageframe-1 hover-type-none\"><img decoding=\"async\" width=\"300\" height=\"200\" title=\"Paneles con la informaci\u00f3n de las actuaciones de restauraci\u00f3n ya realizada y la pendiente de ejecutar en el suelo\" src=\"https:\/\/vocatio.es\/wp-content\/uploads\/2022\/06\/Paneles-con-la-informaci\u00f3n-de-las-actuaciones-de-restauraci\u00f3n-ya-realizada-y-la-pendiente-de-ejecutar-en-el-suelo-300x200.jpg\" alt class=\"img-responsive wp-image-2107\" srcset=\"https:\/\/vocatio.es\/wp-content\/uploads\/2022\/06\/Paneles-con-la-informaci\u00f3n-de-las-actuaciones-de-restauraci\u00f3n-ya-realizada-y-la-pendiente-de-ejecutar-en-el-suelo-200x133.jpg 200w, https:\/\/vocatio.es\/wp-content\/uploads\/2022\/06\/Paneles-con-la-informaci\u00f3n-de-las-actuaciones-de-restauraci\u00f3n-ya-realizada-y-la-pendiente-de-ejecutar-en-el-suelo-400x267.jpg 400w, https:\/\/vocatio.es\/wp-content\/uploads\/2022\/06\/Paneles-con-la-informaci\u00f3n-de-las-actuaciones-de-restauraci\u00f3n-ya-realizada-y-la-pendiente-de-ejecutar-en-el-suelo-600x400.jpg 600w, https:\/\/vocatio.es\/wp-content\/uploads\/2022\/06\/Paneles-con-la-informaci\u00f3n-de-las-actuaciones-de-restauraci\u00f3n-ya-realizada-y-la-pendiente-de-ejecutar-en-el-suelo-800x533.jpg 800w, https:\/\/vocatio.es\/wp-content\/uploads\/2022\/06\/Paneles-con-la-informaci\u00f3n-de-las-actuaciones-de-restauraci\u00f3n-ya-realizada-y-la-pendiente-de-ejecutar-en-el-suelo.jpg 1026w\" sizes=\"(max-width: 640px) 100vw, 300px\" \/><\/span><\/div><div ><span class=\" fusion-imageframe imageframe-none imageframe-2 hover-type-none\"><img decoding=\"async\" width=\"300\" height=\"200\" title=\"As\u00ed consta la reserva de los cuatro metros cuadrados de AFAMMER en el panel informativo y de colaboraci\u00f3n\" src=\"https:\/\/vocatio.es\/wp-content\/uploads\/2022\/06\/As\u00ed-consta-la-reserva-de-los-cuatro-metros-cuadrados-de-AFAMMER-en-el-panel-informativo-y-de-colaboraci\u00f3n-300x200.jpg\" alt class=\"img-responsive wp-image-2108\" srcset=\"https:\/\/vocatio.es\/wp-content\/uploads\/2022\/06\/As\u00ed-consta-la-reserva-de-los-cuatro-metros-cuadrados-de-AFAMMER-en-el-panel-informativo-y-de-colaboraci\u00f3n-200x133.jpg 200w, https:\/\/vocatio.es\/wp-content\/uploads\/2022\/06\/As\u00ed-consta-la-reserva-de-los-cuatro-metros-cuadrados-de-AFAMMER-en-el-panel-informativo-y-de-colaboraci\u00f3n-400x267.jpg 400w, https:\/\/vocatio.es\/wp-content\/uploads\/2022\/06\/As\u00ed-consta-la-reserva-de-los-cuatro-metros-cuadrados-de-AFAMMER-en-el-panel-informativo-y-de-colaboraci\u00f3n-600x400.jpg 600w, https:\/\/vocatio.es\/wp-content\/uploads\/2022\/06\/As\u00ed-consta-la-reserva-de-los-cuatro-metros-cuadrados-de-AFAMMER-en-el-panel-informativo-y-de-colaboraci\u00f3n-800x533.jpg 800w, https:\/\/vocatio.es\/wp-content\/uploads\/2022\/06\/As\u00ed-consta-la-reserva-de-los-cuatro-metros-cuadrados-de-AFAMMER-en-el-panel-informativo-y-de-colaboraci\u00f3n.jpg 1026w\" sizes=\"(max-width: 640px) 100vw, 300px\" \/><\/span><\/div><\/div><style type=\"text\/css\">.fusion-body .fusion-builder-column-1{width:100% !important;margin-top : 0px;margin-bottom : 0px;}.fusion-builder-column-1 > .fusion-column-wrapper {padding-top : 0px !important;padding-right : 0px !important;margin-right : 0px;padding-bottom : 0px !important;padding-left : 0px !important;margin-left : 0px;}@media only screen and (max-width:1024px) {.fusion-body .fusion-builder-column-1{width:100% !important;}.fusion-builder-column-1 > .fusion-column-wrapper {margin-right : 0px;margin-left : 0px;}}@media only screen and (max-width:640px) {.fusion-body .fusion-builder-column-1{width:100% !important;}.fusion-builder-column-1 > .fusion-column-wrapper {margin-right : 0px;margin-left : 0px;}}<\/style><\/div><\/div><style type=\"text\/css\">.fusion-fullwidth.fusion-builder-row-1 { overflow:visible; }.fusion-body .fusion-flex-container.fusion-builder-row-1{ padding-top : 0px;margin-top : 0px;padding-right : 0px;padding-bottom : 0px;margin-bottom : 0px;padding-left : 0px;}<\/style><\/div>\n","protected":false},"excerpt":{"rendered":"","protected":false},"author":3,"featured_media":2106,"comment_status":"open","ping_status":"closed","sticky":false,"template":"","format":"standard","meta":[],"categories":[4],"tags":[26],"yoast_head":"<!-- This site is optimized with the Yoast SEO plugin v19.9 - https:\/\/yoast.com\/wordpress\/plugins\/seo\/ -->\n<title>AFAMMER Almod\u00f3var del Campo colabora con 380 euros a la cuestaci\u00f3n para liquidar las humedades de la parroquia - Vocatio<\/title>\n<meta name=\"robots\" content=\"index, follow, max-snippet:-1, max-image-preview:large, max-video-preview:-1\" \/>\n<link rel=\"canonical\" href=\"https:\/\/vocatio.es\/index.php\/2022\/06\/12\/afammer-almodovar-del-campo-colabora-con-380-euros-a-la-cuestacion-para-liquidar-las-humedades-de-la-parroquia\/\" \/>\n<meta property=\"og:locale\" content=\"es_ES\" \/>\n<meta property=\"og:type\" content=\"article\" \/>\n<meta property=\"og:title\" content=\"AFAMMER Almod\u00f3var del Campo colabora con 380 euros a la cuestaci\u00f3n para liquidar las humedades de la parroquia - Vocatio\" \/>\n<meta property=\"og:url\" content=\"https:\/\/vocatio.es\/index.php\/2022\/06\/12\/afammer-almodovar-del-campo-colabora-con-380-euros-a-la-cuestacion-para-liquidar-las-humedades-de-la-parroquia\/\" \/>\n<meta property=\"og:site_name\" content=\"Vocatio\" \/>\n<meta property=\"article:published_time\" content=\"2022-06-12T17:06:02+00:00\" \/>\n<meta property=\"og:image\" content=\"https:\/\/vocatio.es\/wp-content\/uploads\/2022\/06\/Integrantes-de-AFAMMER-junto-al-p\u00e1rroco-de-Almod\u00f3var-del-Campo-efectuando-la-entrega-del-cheque-por-el-importe-donado.jpg\" \/>\n\t<meta property=\"og:image:width\" content=\"1026\" \/>\n\t<meta property=\"og:image:height\" content=\"684\" \/>\n\t<meta property=\"og:image:type\" content=\"image\/jpeg\" \/>\n<meta name=\"author\" content=\"VOCATIO\" \/>\n<meta name=\"twitter:card\" content=\"summary_large_image\" \/>\n<meta name=\"twitter:label1\" content=\"Escrito por\" \/>\n\t<meta name=\"twitter:data1\" content=\"VOCATIO\" \/>\n\t<meta name=\"twitter:label2\" content=\"Tiempo de lectura\" \/>\n\t<meta name=\"twitter:data2\" content=\"5 minutos\" \/>\n<script type=\"application\/ld+json\" class=\"yoast-schema-graph\">{\"@context\":\"https:\/\/schema.org\",\"@graph\":[{\"@type\":\"WebPage\",\"@id\":\"https:\/\/vocatio.es\/index.php\/2022\/06\/12\/afammer-almodovar-del-campo-colabora-con-380-euros-a-la-cuestacion-para-liquidar-las-humedades-de-la-parroquia\/\",\"url\":\"https:\/\/vocatio.es\/index.php\/2022\/06\/12\/afammer-almodovar-del-campo-colabora-con-380-euros-a-la-cuestacion-para-liquidar-las-humedades-de-la-parroquia\/\",\"name\":\"AFAMMER Almod\u00f3var del Campo colabora con 380 euros a la cuestaci\u00f3n para liquidar las humedades de la parroquia - Vocatio\",\"isPartOf\":{\"@id\":\"https:\/\/vocatio.es\/#website\"},\"datePublished\":\"2022-06-12T17:06:02+00:00\",\"dateModified\":\"2022-06-12T17:06:02+00:00\",\"author\":{\"@id\":\"https:\/\/vocatio.es\/#\/schema\/person\/48bda42f90fbdcb0fc5b7978f42dae2d\"},\"breadcrumb\":{\"@id\":\"https:\/\/vocatio.es\/index.php\/2022\/06\/12\/afammer-almodovar-del-campo-colabora-con-380-euros-a-la-cuestacion-para-liquidar-las-humedades-de-la-parroquia\/#breadcrumb\"},\"inLanguage\":\"es\",\"potentialAction\":[{\"@type\":\"ReadAction\",\"target\":[\"https:\/\/vocatio.es\/index.php\/2022\/06\/12\/afammer-almodovar-del-campo-colabora-con-380-euros-a-la-cuestacion-para-liquidar-las-humedades-de-la-parroquia\/\"]}]},{\"@type\":\"BreadcrumbList\",\"@id\":\"https:\/\/vocatio.es\/index.php\/2022\/06\/12\/afammer-almodovar-del-campo-colabora-con-380-euros-a-la-cuestacion-para-liquidar-las-humedades-de-la-parroquia\/#breadcrumb\",\"itemListElement\":[{\"@type\":\"ListItem\",\"position\":1,\"name\":\"Portada\",\"item\":\"https:\/\/vocatio.es\/\"},{\"@type\":\"ListItem\",\"position\":2,\"name\":\"AFAMMER Almod\u00f3var del Campo colabora con 380 euros a la cuestaci\u00f3n para liquidar las humedades de la parroquia\"}]},{\"@type\":\"WebSite\",\"@id\":\"https:\/\/vocatio.es\/#website\",\"url\":\"https:\/\/vocatio.es\/\",\"name\":\"Vocatio\",\"description\":\"San Juan de \u00c1vila en Almod\u00f3var del Campo\",\"potentialAction\":[{\"@type\":\"SearchAction\",\"target\":{\"@type\":\"EntryPoint\",\"urlTemplate\":\"https:\/\/vocatio.es\/?s={search_term_string}\"},\"query-input\":\"required name=search_term_string\"}],\"inLanguage\":\"es\"},{\"@type\":\"Person\",\"@id\":\"https:\/\/vocatio.es\/#\/schema\/person\/48bda42f90fbdcb0fc5b7978f42dae2d\",\"name\":\"VOCATIO\",\"image\":{\"@type\":\"ImageObject\",\"inLanguage\":\"es\",\"@id\":\"https:\/\/vocatio.es\/#\/schema\/person\/image\/\",\"url\":\"https:\/\/secure.gravatar.com\/avatar\/421be2eaf798584800993258d9f92701?s=96&d=mm&r=g\",\"contentUrl\":\"https:\/\/secure.gravatar.com\/avatar\/421be2eaf798584800993258d9f92701?s=96&d=mm&r=g\",\"caption\":\"VOCATIO\"},\"sameAs\":[\"http:\/\/entremedios.es\"],\"url\":\"https:\/\/vocatio.es\/index.php\/author\/paco-acero\/\"}]}<\/script>\n<!-- \/ Yoast SEO plugin. -->","yoast_head_json":{"title":"AFAMMER Almod\u00f3var del Campo colabora con 380 euros a la cuestaci\u00f3n para liquidar las humedades de la parroquia - Vocatio","robots":{"index":"index","follow":"follow","max-snippet":"max-snippet:-1","max-image-preview":"max-image-preview:large","max-video-preview":"max-video-preview:-1"},"canonical":"https:\/\/vocatio.es\/index.php\/2022\/06\/12\/afammer-almodovar-del-campo-colabora-con-380-euros-a-la-cuestacion-para-liquidar-las-humedades-de-la-parroquia\/","og_locale":"es_ES","og_type":"article","og_title":"AFAMMER Almod\u00f3var del Campo colabora con 380 euros a la cuestaci\u00f3n para liquidar las humedades de la parroquia - Vocatio","og_url":"https:\/\/vocatio.es\/index.php\/2022\/06\/12\/afammer-almodovar-del-campo-colabora-con-380-euros-a-la-cuestacion-para-liquidar-las-humedades-de-la-parroquia\/","og_site_name":"Vocatio","article_published_time":"2022-06-12T17:06:02+00:00","og_image":[{"width":1026,"height":684,"url":"https:\/\/vocatio.es\/wp-content\/uploads\/2022\/06\/Integrantes-de-AFAMMER-junto-al-p\u00e1rroco-de-Almod\u00f3var-del-Campo-efectuando-la-entrega-del-cheque-por-el-importe-donado.jpg","type":"image\/jpeg"}],"author":"VOCATIO","twitter_card":"summary_large_image","twitter_misc":{"Escrito por":"VOCATIO","Tiempo de lectura":"5 minutos"},"schema":{"@context":"https:\/\/schema.org","@graph":[{"@type":"WebPage","@id":"https:\/\/vocatio.es\/index.php\/2022\/06\/12\/afammer-almodovar-del-campo-colabora-con-380-euros-a-la-cuestacion-para-liquidar-las-humedades-de-la-parroquia\/","url":"https:\/\/vocatio.es\/index.php\/2022\/06\/12\/afammer-almodovar-del-campo-colabora-con-380-euros-a-la-cuestacion-para-liquidar-las-humedades-de-la-parroquia\/","name":"AFAMMER Almod\u00f3var del Campo colabora con 380 euros a la cuestaci\u00f3n para liquidar las humedades de la parroquia - Vocatio","isPartOf":{"@id":"https:\/\/vocatio.es\/#website"},"datePublished":"2022-06-12T17:06:02+00:00","dateModified":"2022-06-12T17:06:02+00:00","author":{"@id":"https:\/\/vocatio.es\/#\/schema\/person\/48bda42f90fbdcb0fc5b7978f42dae2d"},"breadcrumb":{"@id":"https:\/\/vocatio.es\/index.php\/2022\/06\/12\/afammer-almodovar-del-campo-colabora-con-380-euros-a-la-cuestacion-para-liquidar-las-humedades-de-la-parroquia\/#breadcrumb"},"inLanguage":"es","potentialAction":[{"@type":"ReadAction","target":["https:\/\/vocatio.es\/index.php\/2022\/06\/12\/afammer-almodovar-del-campo-colabora-con-380-euros-a-la-cuestacion-para-liquidar-las-humedades-de-la-parroquia\/"]}]},{"@type":"BreadcrumbList","@id":"https:\/\/vocatio.es\/index.php\/2022\/06\/12\/afammer-almodovar-del-campo-colabora-con-380-euros-a-la-cuestacion-para-liquidar-las-humedades-de-la-parroquia\/#breadcrumb","itemListElement":[{"@type":"ListItem","position":1,"name":"Portada","item":"https:\/\/vocatio.es\/"},{"@type":"ListItem","position":2,"name":"AFAMMER Almod\u00f3var del Campo colabora con 380 euros a la cuestaci\u00f3n para liquidar las humedades de la parroquia"}]},{"@type":"WebSite","@id":"https:\/\/vocatio.es\/#website","url":"https:\/\/vocatio.es\/","name":"Vocatio","description":"San Juan de \u00c1vila en Almod\u00f3var del Campo","potentialAction":[{"@type":"SearchAction","target":{"@type":"EntryPoint","urlTemplate":"https:\/\/vocatio.es\/?s={search_term_string}"},"query-input":"required name=search_term_string"}],"inLanguage":"es"},{"@type":"Person","@id":"https:\/\/vocatio.es\/#\/schema\/person\/48bda42f90fbdcb0fc5b7978f42dae2d","name":"VOCATIO","image":{"@type":"ImageObject","inLanguage":"es","@id":"https:\/\/vocatio.es\/#\/schema\/person\/image\/","url":"https:\/\/secure.gravatar.com\/avatar\/421be2eaf798584800993258d9f92701?s=96&d=mm&r=g","contentUrl":"https:\/\/secure.gravatar.com\/avatar\/421be2eaf798584800993258d9f92701?s=96&d=mm&r=g","caption":"VOCATIO"},"sameAs":["http:\/\/entremedios.es"],"url":"https:\/\/vocatio.es\/index.php\/author\/paco-acero\/"}]}},"_links":{"self":[{"href":"https:\/\/vocatio.es\/index.php\/wp-json\/wp\/v2\/posts\/2105"}],"collection":[{"href":"https:\/\/vocatio.es\/index.php\/wp-json\/wp\/v2\/posts"}],"about":[{"href":"https:\/\/vocatio.es\/index.php\/wp-json\/wp\/v2\/types\/post"}],"author":[{"embeddable":true,"href":"https:\/\/vocatio.es\/index.php\/wp-json\/wp\/v2\/users\/3"}],"replies":[{"embeddable":true,"href":"https:\/\/vocatio.es\/index.php\/wp-json\/wp\/v2\/comments?post=2105"}],"version-history":[{"count":3,"href":"https:\/\/vocatio.es\/index.php\/wp-json\/wp\/v2\/posts\/2105\/revisions"}],"predecessor-version":[{"id":2111,"href":"https:\/\/vocatio.es\/index.php\/wp-json\/wp\/v2\/posts\/2105\/revisions\/2111"}],"wp:featuredmedia":[{"embeddable":true,"href":"https:\/\/vocatio.es\/index.php\/wp-json\/wp\/v2\/media\/2106"}],"wp:attachment":[{"href":"https:\/\/vocatio.es\/index.php\/wp-json\/wp\/v2\/media?parent=2105"}],"wp:term":[{"taxonomy":"category","embeddable":true,"href":"https:\/\/vocatio.es\/index.php\/wp-json\/wp\/v2\/categories?post=2105"},{"taxonomy":"post_tag","embeddable":true,"href":"https:\/\/vocatio.es\/index.php\/wp-json\/wp\/v2\/tags?post=2105"}],"curies":[{"name":"wp","href":"https:\/\/api.w.org\/{rel}","templated":true}]}}