{"id":1982,"date":"2019-09-12T14:13:04","date_gmt":"2019-09-12T14:13:04","guid":{"rendered":"https:\/\/vocatio.es\/?p=1982"},"modified":"2019-09-12T14:31:01","modified_gmt":"2019-09-12T14:31:01","slug":"almodovar-del-campo-interviene-en-baeza-durante-el-congreso-internacional-sobre-san-juan-de-avila","status":"publish","type":"post","link":"https:\/\/vocatio.es\/index.php\/2019\/09\/12\/almodovar-del-campo-interviene-en-baeza-durante-el-congreso-internacional-sobre-san-juan-de-avila\/","title":{"rendered":"Almod\u00f3var del Campo interviene en Baeza durante el Congreso Internacional sobre San Juan de \u00c1vila"},"content":{"rendered":"<p><div class=\"fusion-fullwidth fullwidth-box fusion-builder-row-1 fusion-flex-container hundred-percent-fullwidth non-hundred-percent-height-scrolling\" style=\"background-color: rgba(255,255,255,0);background-position: center center;background-repeat: no-repeat;border-width: 0px 0px 0px 0px;border-color:var(--awb-color3);border-style:solid;\" ><div class=\"fusion-builder-row fusion-row fusion-flex-align-items-flex-start\" style=\"width:calc( 100% + 0px ) !important;max-width:calc( 100% + 0px ) !important;margin-left: calc(-0px \/ 2 );margin-right: calc(-0px \/ 2 );\"><div class=\"fusion-layout-column fusion_builder_column fusion-builder-column-0 fusion_builder_column_1_1 1_1 fusion-flex-column fusion-flex-align-self-flex-start fusion-column-no-min-height\"><div class=\"fusion-column-wrapper fusion-flex-justify-content-flex-start fusion-content-layout-column\" style=\"background-position:left top;background-repeat:no-repeat;-webkit-background-size:cover;-moz-background-size:cover;-o-background-size:cover;background-size:cover;padding: 0px 0px 0px 0px;\"><div class=\"fusion-separator fusion-full-width-sep\" style=\"align-self: center;margin-left: auto;margin-right: auto;width:100%;\"><div class=\"fusion-separator-border sep-single sep-solid\" style=\"border-color:#cbaa5c;border-top-width:1px;\"><\/div><\/div><\/div><style type=\"text\/css\">.fusion-body .fusion-builder-column-0{width:100% !important;margin-top : 0px;margin-bottom : 0px;}.fusion-builder-column-0 > .fusion-column-wrapper {padding-top : 0px !important;padding-right : 0px !important;margin-right : 0px;padding-bottom : 0px !important;padding-left : 0px !important;margin-left : 0px;}@media only screen and (max-width:1024px) {.fusion-body .fusion-builder-column-0{width:100% !important;}.fusion-builder-column-0 > .fusion-column-wrapper {margin-right : 0px;margin-left : 0px;}}@media only screen and (max-width:640px) {.fusion-body .fusion-builder-column-0{width:100% !important;}.fusion-builder-column-0 > .fusion-column-wrapper {margin-right : 0px;margin-left : 0px;}}<\/style><\/div><\/div><style type=\"text\/css\">.fusion-fullwidth.fusion-builder-row-1 { overflow:visible; }.fusion-body .fusion-flex-container.fusion-builder-row-1{ padding-top : 0px;margin-top : 15px;padding-right : 0px;padding-bottom : 0px;margin-bottom : -45px;padding-left : 0px;}<\/style><\/div><div class=\"fusion-fullwidth fullwidth-box fusion-builder-row-2 fusion-flex-container hundred-percent-fullwidth non-hundred-percent-height-scrolling\" style=\"background-color: rgba(255,255,255,0);background-position: center center;background-repeat: no-repeat;border-width: 0px 0px 0px 0px;border-color:var(--awb-color3);border-style:solid;\" ><div class=\"fusion-builder-row fusion-row fusion-flex-align-items-flex-start\" style=\"width:calc( 100% + 0px ) !important;max-width:calc( 100% + 0px ) !important;margin-left: calc(-0px \/ 2 );margin-right: calc(-0px \/ 2 );\"><div class=\"fusion-layout-column fusion_builder_column fusion-builder-column-1 fusion_builder_column_1_1 1_1 fusion-flex-column fusion-flex-align-self-flex-start fusion-column-no-min-height\"><div class=\"fusion-column-wrapper fusion-flex-justify-content-flex-start fusion-content-layout-column\" style=\"background-position:left top;background-repeat:no-repeat;-webkit-background-size:cover;-moz-background-size:cover;-o-background-size:cover;background-size:cover;padding: 0px 0px 0px 0px;\"><div class=\"fusion-sharing-box fusion-sharing-box-1 boxed-icons\" style=\"background-color:rgba(255,255,255,0);padding:0;margin-top:60px;\" data-title=\"Almod\u00f3var del Campo interviene en Baeza durante el Congreso Internacional sobre San Juan de \u00c1vila\" data-description=\"Almod\u00f3var del Campo interviene en Baeza durante el Congreso Internacional sobre San Juan de \u00c1vila  \r\n\r\nAlmod\u00f3var del Campo est\u00e1 presente de manera activa en el Congreso Internacional que, sobre el santo y Doctor de la Iglesia Juan de \u00c1vila, organizan en Baeza, entre este mi\u00e9rcoles 11\" data-link=\"https:\/\/vocatio.es\/index.php\/2019\/05\/21\/anunciojubileo\/\"><h4 class=\"tagline\" style=\"color:#333333;\">\u00a1Comparte!<\/h4><div class=\"fusion-social-networks sharingbox-shortcode-icon-wrapper sharingbox-shortcode-icon-wrapper-1 boxed-icons\"><span><a href=\"https:\/\/www.facebook.com\/sharer.php?u=https%3A%2F%2Fvocatio.es%2Findex.php%2F2019%2F05%2F21%2Fanunciojubileo%2F&amp;t=Almod%C3%B3var%20del%20Campo%20interviene%20en%20Baeza%20durante%20el%20Congreso%20Internacional%20sobre%20San%20Juan%20de%20%C3%81vila\" target=\"_blank\" rel=\"noreferrer\" title=\"Facebook\" aria-label=\"Facebook\" data-placement=\"top\" data-toggle=\"tooltip\" data-title=\"Facebook\"><i class=\"fusion-social-network-icon fusion-tooltip fusion-facebook awb-icon-facebook\" style=\"color:#ffffff;background-color:#3b5998;border-color:#3b5998;border-radius:4px;\" aria-hidden=\"true\"><\/i><\/a><\/span><span><a href=\"https:\/\/twitter.com\/share?text=Almod%C3%B3var%20del%20Campo%20interviene%20en%20Baeza%20durante%20el%20Congreso%20Internacional%20sobre%20San%20Juan%20de%20%C3%81vila&amp;url=https%3A%2F%2Fvocatio.es%2Findex.php%2F2019%2F05%2F21%2Fanunciojubileo%2F\" target=\"_blank\" rel=\"noopener noreferrer\" title=\"Twitter\" aria-label=\"Twitter\" data-placement=\"top\" data-toggle=\"tooltip\" data-title=\"Twitter\"><i class=\"fusion-social-network-icon fusion-tooltip fusion-twitter awb-icon-twitter\" style=\"color:#ffffff;background-color:#55acee;border-color:#55acee;border-radius:4px;\" aria-hidden=\"true\"><\/i><\/a><\/span><span><a href=\"https:\/\/reddit.com\/submit?url=https%3A%2F%2Fvocatio.es%2Findex.php%2F2019%2F05%2F21%2Fanunciojubileo%2F&amp;title=Almod%C3%B3var%20del%20Campo%20interviene%20en%20Baeza%20durante%20el%20Congreso%20Internacional%20sobre%20San%20Juan%20de%20%C3%81vila\" target=\"_blank\" rel=\"noopener noreferrer\" title=\"Reddit\" aria-label=\"Reddit\" data-placement=\"top\" data-toggle=\"tooltip\" data-title=\"Reddit\"><i class=\"fusion-social-network-icon fusion-tooltip fusion-reddit awb-icon-reddit\" style=\"color:#ffffff;background-color:#ff4500;border-color:#ff4500;border-radius:4px;\" aria-hidden=\"true\"><\/i><\/a><\/span><span><a href=\"https:\/\/www.linkedin.com\/shareArticle?mini=true&amp;url=https%3A%2F%2Fvocatio.es%2Findex.php%2F2019%2F05%2F21%2Fanunciojubileo%2F&amp;title=Almod%C3%B3var%20del%20Campo%20interviene%20en%20Baeza%20durante%20el%20Congreso%20Internacional%20sobre%20San%20Juan%20de%20%C3%81vila&amp;summary=Almod%C3%B3var%20del%20Campo%20interviene%20en%20Baeza%20durante%20el%20Congreso%20Internacional%20sobre%20San%20Juan%20de%20%C3%81vila%20%20%20%0D%0A%0D%0AAlmod%C3%B3var%20del%20Campo%20est%C3%A1%20presente%20de%20manera%20activa%20en%20el%20Congreso%20Internacional%20que%2C%20sobre%20el%20santo%20y%20Doctor%20de%20la%20Iglesia%20Juan%20de%20%C3%81vila%2C%20organizan%20en%20Baeza%2C%20entre%20este%20mi%C3%A9rcoles%2011\" target=\"_blank\" rel=\"noopener noreferrer\" title=\"LinkedIn\" aria-label=\"LinkedIn\" data-placement=\"top\" data-toggle=\"tooltip\" data-title=\"LinkedIn\"><i class=\"fusion-social-network-icon fusion-tooltip fusion-linkedin awb-icon-linkedin\" style=\"color:#ffffff;background-color:#0077b5;border-color:#0077b5;border-radius:4px;\" aria-hidden=\"true\"><\/i><\/a><\/span><span><a href=\"https:\/\/api.whatsapp.com\/send?text=https%3A%2F%2Fvocatio.es%2Findex.php%2F2019%2F05%2F21%2Fanunciojubileo%2F\" target=\"_blank\" rel=\"noopener noreferrer\" title=\"WhatsApp\" aria-label=\"WhatsApp\" data-placement=\"top\" data-toggle=\"tooltip\" data-title=\"WhatsApp\"><i class=\"fusion-social-network-icon fusion-tooltip fusion-whatsapp awb-icon-whatsapp\" style=\"color:#ffffff;background-color:#77e878;border-color:#77e878;border-radius:4px;\" aria-hidden=\"true\"><\/i><\/a><\/span><span><a href=\"https:\/\/www.tumblr.com\/share\/link?url=https%3A%2F%2Fvocatio.es%2Findex.php%2F2019%2F05%2F21%2Fanunciojubileo%2F&amp;name=Almod%C3%B3var%20del%20Campo%20interviene%20en%20Baeza%20durante%20el%20Congreso%20Internacional%20sobre%20San%20Juan%20de%20%C3%81vila&amp;description=Almod%C3%B3var%20del%20Campo%20interviene%20en%20Baeza%20durante%20el%20Congreso%20Internacional%20sobre%20San%20Juan%20de%20%C3%81vila%20%20%20%0D%0A%0D%0AAlmod%C3%B3var%20del%20Campo%20est%C3%A1%20presente%20de%20manera%20activa%20en%20el%20Congreso%20Internacional%20que%2C%20sobre%20el%20santo%20y%20Doctor%20de%20la%20Iglesia%20Juan%20de%20%C3%81vila%2C%20organizan%20en%20Baeza%2C%20entre%20este%20mi%C3%A9rcoles%2011\" target=\"_blank\" rel=\"noopener noreferrer\" title=\"Tumblr\" aria-label=\"Tumblr\" data-placement=\"top\" data-toggle=\"tooltip\" data-title=\"Tumblr\"><i class=\"fusion-social-network-icon fusion-tooltip fusion-tumblr awb-icon-tumblr\" style=\"color:#ffffff;background-color:#35465c;border-color:#35465c;border-radius:4px;\" aria-hidden=\"true\"><\/i><\/a><\/span><span><a href=\"https:\/\/pinterest.com\/pin\/create\/button\/?url=https%3A%2F%2Fvocatio.es%2Findex.php%2F2019%2F05%2F21%2Fanunciojubileo%2F&amp;description=Almod%C3%B3var%20del%20Campo%20interviene%20en%20Baeza%20durante%20el%20Congreso%20Internacional%20sobre%20San%20Juan%20de%20%C3%81vila%20%20%20%0D%0A%0D%0AAlmod%C3%B3var%20del%20Campo%20est%C3%A1%20presente%20de%20manera%20activa%20en%20el%20Congreso%20Internacional%20que%2C%20sobre%20el%20santo%20y%20Doctor%20de%20la%20Iglesia%20Juan%20de%20%C3%81vila%2C%20organizan%20en%20Baeza%2C%20entre%20este%20mi%C3%A9rcoles%2011&amp;media=\" target=\"_blank\" rel=\"noopener noreferrer\" title=\"Pinterest\" aria-label=\"Pinterest\" data-placement=\"top\" data-toggle=\"tooltip\" data-title=\"Pinterest\"><i class=\"fusion-social-network-icon fusion-tooltip fusion-pinterest awb-icon-pinterest\" style=\"color:#ffffff;background-color:#bd081c;border-color:#bd081c;border-radius:4px;\" aria-hidden=\"true\"><\/i><\/a><\/span><\/div><\/div><style type=\"text\/css\">.fusion-sharing-box-1 .tagline{margin-bottom:0 !important;}.fusion-sharing-box-1{flex-direction:row !important;}@media only screen and (max-width:1024px){.fusion-sharing-box-1 .tagline{margin-right:0.5em !important;margin-bottom:0 !important;}.sharingbox-shortcode-icon-wrapper-1{width:auto !important;justify-content:flex-end !important;}.fusion-sharing-box-1{align-items:center !important;} }@media only screen and (max-width:640px){.fusion-sharing-box-1{flex-direction:row !important;align-items:center !important;}.fusion-sharing-box-1 .tagline{margin-right:0.5em !important;margin-bottom:0 !important;}.sharingbox-shortcode-icon-wrapper-1{width:auto !important;justify-content:space-between !important;} }<\/style><div class=\"fusion-separator fusion-full-width-sep\" style=\"align-self: center;margin-left: auto;margin-right: auto;margin-top:7px;margin-bottom:50px;width:100%;\"><div class=\"fusion-separator-border sep-single sep-solid\" style=\"border-color:#cbaa5c;border-top-width:1px;\"><\/div><\/div><\/div><style type=\"text\/css\">.fusion-body .fusion-builder-column-1{width:100% !important;margin-top : 0px;margin-bottom : 0px;}.fusion-builder-column-1 > .fusion-column-wrapper {padding-top : 0px !important;padding-right : 0px !important;margin-right : 0px;padding-bottom : 0px !important;padding-left : 0px !important;margin-left : 0px;}@media only screen and (max-width:1024px) {.fusion-body .fusion-builder-column-1{width:100% !important;}.fusion-builder-column-1 > .fusion-column-wrapper {margin-right : 0px;margin-left : 0px;}}@media only screen and (max-width:640px) {.fusion-body .fusion-builder-column-1{width:100% !important;}.fusion-builder-column-1 > .fusion-column-wrapper {margin-right : 0px;margin-left : 0px;}}<\/style><\/div><div class=\"fusion-layout-column fusion_builder_column fusion-builder-column-2 fusion_builder_column_1_1 1_1 fusion-flex-column fusion-flex-align-self-flex-start fusion-column-no-min-height\"><div class=\"fusion-column-wrapper fusion-flex-justify-content-flex-start fusion-content-layout-column\" style=\"background-position:left top;background-repeat:no-repeat;-webkit-background-size:cover;-moz-background-size:cover;-o-background-size:cover;background-size:cover;padding: 0px 0px 0px 0px;\"><style type=\"text\/css\">@media only screen and (max-width:1024px) {.fusion-title.fusion-title-1{margin-top:10px!important; margin-right:0px!important;margin-bottom:15px!important;margin-left:0px!important;}}@media only screen and (max-width:640px) {.fusion-title.fusion-title-1{margin-top:10px!important; margin-right:0px!important;margin-bottom:10px!important; margin-left:0px!important;}}<\/style><div class=\"fusion-title title fusion-title-1 fusion-sep-none fusion-title-text fusion-title-size-two\" style=\"margin-top:10px;margin-right:0px;margin-bottom:15px;margin-left:0px;\"><h2 class=\"title-heading-left fusion-responsive-typography-calculated\" style=\"margin:0;--fontSize:26;line-height:1.69;\">Almod\u00f3var del Campo interviene en Baeza durante el Congreso Internacional sobre San Juan de \u00c1vila<\/h2><\/div><div class=\"fusion-separator fusion-full-width-sep\" style=\"align-self: center;margin-left: auto;margin-right: auto;margin-top:5px;margin-bottom:5px;width:100%;\"><\/div><\/div><style type=\"text\/css\">.fusion-body .fusion-builder-column-2{width:100% !important;margin-top : 0px;margin-bottom : 0px;}.fusion-builder-column-2 > .fusion-column-wrapper {padding-top : 0px !important;padding-right : 0px !important;margin-right : 0px;padding-bottom : 0px !important;padding-left : 0px !important;margin-left : 0px;}@media only screen and (max-width:1024px) {.fusion-body .fusion-builder-column-2{width:100% !important;}.fusion-builder-column-2 > .fusion-column-wrapper {margin-right : 0px;margin-left : 0px;}}@media only screen and (max-width:640px) {.fusion-body .fusion-builder-column-2{width:100% !important;}.fusion-builder-column-2 > .fusion-column-wrapper {margin-right : 0px;margin-left : 0px;}}<\/style><\/div><div class=\"fusion-layout-column fusion_builder_column fusion-builder-column-3 fusion_builder_column_1_1 1_1 fusion-flex-column fusion-flex-align-self-flex-start fusion-column-no-min-height\"><div class=\"fusion-column-wrapper fusion-flex-justify-content-flex-start fusion-content-layout-column\" style=\"background-position:left top;background-repeat:no-repeat;-webkit-background-size:cover;-moz-background-size:cover;-o-background-size:cover;background-size:cover;padding: 0px 0px 0px 0px;\"><div class=\"fusion-text fusion-text-1\"><p><span class=\"fusion-dropcap dropcap dropcap-boxed\" style=\"border-radius:1px;\">A<\/span>lmod\u00f3var del Campo est\u00e1 presente de manera activa en el Congreso Internacional que, sobre el santo y Doctor de la Iglesia Juan de \u00c1vila, organizan en Baeza, entre este mi\u00e9rcoles 11 y el viernes d\u00eda 13, el grupo de investigaci\u00f3n \u2018Humanismo Giennese (HUM-669) y la C\u00e1tedra \u2018Andr\u00e9s de Vandelvira\u2019 de la Universidad de Ja\u00e9n, junto con la Universidad de Alcal\u00e1 de Henares y el Instituto de Estudios Giennenses.<\/p>\n<p>Bajo el lema \u2018450 a\u00f1os despu\u00e9s: Nuevos enfoques\u2019, el prop\u00f3sito de este interesante foro est\u00e1 abordando el estudio del Maestro \u00c1vila y su obra en el contexto de la Edad Moderna espa\u00f1ola, atendiendo a aquellos aspectos que resultan in\u00e9ditos o m\u00e1s novedosos y que han sido destacados en los \u00faltimos a\u00f1os por la investigaci\u00f3n realizada desde diferentes campos.<\/p>\n<p>Para ello, una veintena de especialistas procedentes de distintas universidades espa\u00f1olas, europeas y americanas, est\u00e1n tratando cuestiones referidas a las letras, la espiritualidad, las reformas sociales y eclesiales, la educaci\u00f3n, y las minor\u00edas \u00e9tnico-religiosas y marginales en las actividades desarrolladas por Juan de \u00c1vila y, bajo su influjo, por sus disc\u00edpulos y seguidores a lo largo de los siglos XVI y XVII.<\/p>\n<p>De este elenco forma parte Isabel Fern\u00e1ndez del R\u00edo quien, adem\u00e1s de presidir la Hermandad de los Santos Juan de \u00c1vila y Juan Bautista de la Concepci\u00f3n de Almod\u00f3var del Campo y ser voluntaria del a\u00f1o jubilar que est\u00e1 viviendo esta ciudad manchega en torno a su doctor de la Iglesia, es tambi\u00e9n especialista en arte, licenciada en Geograf\u00eda e Historia por la Universidad Complutense de Madrid y docente de Secundaria.<\/p>\n<div id=\"attachment_1985\" style=\"width: 522px\" class=\"wp-caption aligncenter\"><a href=\"https:\/\/vocatio.es\/wp-content\/uploads\/2019\/09\/Panor\u00e1mica-del-espacio-de-celebraci\u00f3n-del-congreso.jpg\"><img aria-describedby=\"caption-attachment-1985\" decoding=\"async\" class=\"wp-image-1985 size-full\" src=\"https:\/\/vocatio.es\/wp-content\/uploads\/2019\/09\/Panor\u00e1mica-del-espacio-de-celebraci\u00f3n-del-congreso.jpg\" alt=\"Panor\u00e1mica del espacio de celebraci\u00f3n del congreso\" width=\"512\" height=\"360\" srcset=\"https:\/\/vocatio.es\/wp-content\/uploads\/2019\/09\/Panor\u00e1mica-del-espacio-de-celebraci\u00f3n-del-congreso-200x141.jpg 200w, https:\/\/vocatio.es\/wp-content\/uploads\/2019\/09\/Panor\u00e1mica-del-espacio-de-celebraci\u00f3n-del-congreso-300x211.jpg 300w, https:\/\/vocatio.es\/wp-content\/uploads\/2019\/09\/Panor\u00e1mica-del-espacio-de-celebraci\u00f3n-del-congreso-400x281.jpg 400w, https:\/\/vocatio.es\/wp-content\/uploads\/2019\/09\/Panor\u00e1mica-del-espacio-de-celebraci\u00f3n-del-congreso.jpg 512w\" sizes=\"(max-width: 512px) 100vw, 512px\" \/><\/a><p id=\"caption-attachment-1985\" class=\"wp-caption-text\">Panor\u00e1mica del espacio de celebraci\u00f3n del congreso<\/p><\/div>\n<p>Su intervenci\u00f3n ten\u00eda lugar ayer mi\u00e9rcoles, en la segunda parte de la sesi\u00f3n de apertura que lleva por emblema \u2018El maestro Juan de \u00c1vila. Escritor del Siglo de Oro\u2019, centr\u00e1ndose la representante almodovare\u00f1a, desde las cinco de la tarde, en una comunicaci\u00f3n cuyo t\u00edtulo rezaba \u2018El enclave en el que naci\u00f3 Juan de \u00c1vila, Evoluci\u00f3n y an\u00e1lisis hist\u00f3rico y arquitect\u00f3nico de la Casa Natal. La cueva y sus diferentes connotaciones\u2019.<\/p>\n<p>Desde 1710, a\u00f1o en que la morada dej\u00f3 de pertenecer a parientes del santo por falta de herederos directos y fue donada al cabildo de cl\u00e9rigos de Almod\u00f3var del Campo y hasta la actualidad, en que adem\u00e1s de ser centro parroquial es un lugar donde se ensalza la figura, espiritualidad vida y obras de Juan de \u00c1vila, el inmueble ha sufrido no pocos avatares.<\/p>\n<p>Isabel Fern\u00e1ndez refer\u00eda c\u00f3mo inicialmente se lleg\u00f3 a concebir en \u00e9l una escuela de Gram\u00e1tica o de c\u00e1tedra de Teolog\u00eda o su transformaci\u00f3n en templo con planta de cruz latina \u201cque nunca lleg\u00f3 a cubrirse\u201d. Tras plantear el ayuntamiento de aqu\u00e9llas \u00e9pocas su reedificaci\u00f3n, \u201cfue utilizado durante muchos a\u00f1os como camposanto\u201d, pasando a ser en etapas m\u00e1s cercanas como c\u00e1rcel y como juzgado de instrucci\u00f3n\u201d, antes de dejarse a disposici\u00f3n de la Iglesia.<\/p>\n<p>\u201cPara m\u00ed, la oportunidad de intervenir en este foro ten\u00eda una tiene doble vertiente\u201d, apunta Fern\u00e1ndez del R\u00edo. \u201cMe ilusionaba porque nunca imagin\u00e9 que podr\u00eda participar en un congreso internacional, pero tambi\u00e9n supone una gran responsabilidad representar a Almod\u00f3var del Campo, a Vocatio, a sus voluntarios que all\u00ed estamos, d\u00eda a d\u00eda, por la causa de san Juan de \u00c1vila en la poblaci\u00f3n que le vio nacer\u201d.<\/p>\n<p><!--[if lt IE 9]><script>document.createElement('audio');<\/script><![endif]-->\n<audio class=\"wp-audio-shortcode\" id=\"audio-1982-1\" preload=\"none\" style=\"width: 100%;\" controls=\"controls\"><source type=\"audio\/mpeg\" src=\"https:\/\/vocatio.es\/wp-content\/uploads\/2019\/09\/Isabel-Fern\u00e1ndez-del-R\u00edo-1.mp3?_=1\" \/><a href=\"https:\/\/vocatio.es\/wp-content\/uploads\/2019\/09\/Isabel-Fern\u00e1ndez-del-R\u00edo-1.mp3\">https:\/\/vocatio.es\/wp-content\/uploads\/2019\/09\/Isabel-Fern\u00e1ndez-del-R\u00edo-1.mp3<\/a><\/audio>\n<audio class=\"wp-audio-shortcode\" id=\"audio-1982-2\" preload=\"none\" style=\"width: 100%;\" controls=\"controls\"><source type=\"audio\/mpeg\" src=\"https:\/\/vocatio.es\/wp-content\/uploads\/2019\/09\/Isabel-Fern\u00e1ndez-del-R\u00edo-2.mp3?_=2\" \/><a href=\"https:\/\/vocatio.es\/wp-content\/uploads\/2019\/09\/Isabel-Fern\u00e1ndez-del-R\u00edo-2.mp3\">https:\/\/vocatio.es\/wp-content\/uploads\/2019\/09\/Isabel-Fern\u00e1ndez-del-R\u00edo-2.mp3<\/a><\/audio>\n<audio class=\"wp-audio-shortcode\" id=\"audio-1982-3\" preload=\"none\" style=\"width: 100%;\" controls=\"controls\"><source type=\"audio\/mpeg\" src=\"https:\/\/vocatio.es\/wp-content\/uploads\/2019\/09\/Isabel-Fern\u00e1ndez-del-R\u00edo-3.mp3?_=3\" \/><a href=\"https:\/\/vocatio.es\/wp-content\/uploads\/2019\/09\/Isabel-Fern\u00e1ndez-del-R\u00edo-3.mp3\">https:\/\/vocatio.es\/wp-content\/uploads\/2019\/09\/Isabel-Fern\u00e1ndez-del-R\u00edo-3.mp3<\/a><\/audio><\/p>\n<h4><strong>Compendio multidisciplinar en torno al maestro \u00c1vila<\/strong><\/h4>\n<p>Un tema diferente y enriquecedor el que se aporta desde Almod\u00f3var del Campo a este congreso de contenidos multidisciplinares, \u201cque trata sobre el aspecto humanista y del humanismo reformista y lo que supuso su figura en el Siglo de Oro, con temas tan diversos como la sociedad de la \u00e9poca, las minor\u00edas, sus escritos, sus disc\u00edpulos\u201d, apunta la almodovare\u00f1a.<\/p>\n<p>Con anterioridad a su intervenci\u00f3n, lo hab\u00edan hecho Julio C\u00e9sar Varas Garc\u00eda, sobre el \u2018Audi, Filia\u2019; Fernando Moreno Cuadro, sobre la relaci\u00f3n con la \u2018descalcez carmelitana\u2019; Juan Francisco Alcina Rovira, sobre el serm\u00f3n \u2018Amar\u00e1s al Se\u00f1or Dios tuyo\u2019; Manuel L\u00f3pez Mu\u00f1oz, sobre la ret\u00f3rica del maestro; y Mar\u00eda Dolores Rinc\u00f3n Gonz\u00e1lez, sobre \u2018La imagen transmitida de Juan de \u00c1vila\u2019. La ponencia inaugural fue de Luis L\u00f3pez Grigera.<\/p>\n<div id=\"attachment_1984\" style=\"width: 522px\" class=\"wp-caption aligncenter\"><a href=\"https:\/\/vocatio.es\/wp-content\/uploads\/2019\/09\/El-elenco-de-intervinientes-en-la-primera-jornada.jpg\"><img aria-describedby=\"caption-attachment-1984\" decoding=\"async\" class=\"wp-image-1984 size-full\" src=\"https:\/\/vocatio.es\/wp-content\/uploads\/2019\/09\/El-elenco-de-intervinientes-en-la-primera-jornada.jpg\" alt=\"El elenco de intervinientes en la primera jornada\" width=\"512\" height=\"352\" srcset=\"https:\/\/vocatio.es\/wp-content\/uploads\/2019\/09\/El-elenco-de-intervinientes-en-la-primera-jornada-200x138.jpg 200w, https:\/\/vocatio.es\/wp-content\/uploads\/2019\/09\/El-elenco-de-intervinientes-en-la-primera-jornada-300x206.jpg 300w, https:\/\/vocatio.es\/wp-content\/uploads\/2019\/09\/El-elenco-de-intervinientes-en-la-primera-jornada-400x275.jpg 400w, https:\/\/vocatio.es\/wp-content\/uploads\/2019\/09\/El-elenco-de-intervinientes-en-la-primera-jornada.jpg 512w\" sizes=\"(max-width: 512px) 100vw, 512px\" \/><\/a><p id=\"caption-attachment-1984\" class=\"wp-caption-text\">El elenco de intervinientes en la primera jornada<\/p><\/div>\n<p>Esta primera jornada se completaba con la segunda sesi\u00f3n titulada \u2018Juan de \u00c1vila y los movimientos espirituales del siglo XVI\u2019 que, dedicada a la memoria de \u00c1lvaro Huerga Teruelo, incluye las ponencias de H\u00e9l\u00e8ne Rabaey, sobre el papel reformista; \u00c1ngel Urb\u00e1n Fern\u00e1ndez, sobre la ex\u00e9gesis erasmiana; y Jos\u00e9 Mart\u00ednez Mill\u00e1n, sobre las transformaciones espirituales del maestro.<\/p>\n<p>La del jueves est\u00e1 siendo la tercera sesi\u00f3n congresual, centrada en \u2018Juan de \u00c1vila y el humanismo reformista: reforma de la sociedad, del individuo, del clero\u2019. Se ha abierto con la ponencia de Jos\u00e9 Mart\u00ednez G\u00e1zquez, sobre las traducciones del Cor\u00e1n en los siglos XII-XVI; F\u00e9lix Santolaria Sierra, sobre la educaci\u00f3n popular en el siglo XVI; M.\u00aa Encarnaci\u00f3n Gonz\u00e1lez Rodr\u00edguez, sobre \u2018La Biblia en manos de mujeres\u2019. Jos\u00e9 Cuesta Revilla se refiere a \u2018la relaci\u00f3n de Juan de \u00c1vila con el poder\u2019 y Pierre Antoine Fabre profundiza en el maestro como \u2018precursor de la Compa\u00f1\u00eda de Jes\u00fas\u2019. Antonio Irigoyen L\u00f3pez alude por su parte a \u2018la reforma del clero secular\u2019.<\/p>\n<p>Por la tarde, llegan tambi\u00e9n las comunicaciones de Francisco A. Carrasco sobre \u2018la aportaci\u00f3n de San Juan de \u00c1vila al Decreto Tametsi del Concilio de Trento\u2019 y de Jos\u00e9 Seijas Costa, sobre \u2018hospitalidad y enfermedad en la espiritualidad de San Juan de \u00c1vila\u2019. Y las ponencias de C\u00e1ndida Ferrero Hern\u00e1ndez, sobre \u2018Catecismos pol\u00e9micos en tiempos de Juan de \u00c1vila\u2019 y de Javier Mar\u00edn L\u00f3pez, sobre \u2018\u00c1vila m\u00fasico\u2019. Finalmente se va a presentar la edici\u00f3n digital de las Obras Completas del santo natural de Almod\u00f3var.<\/p>\n<div id=\"attachment_1986\" style=\"width: 522px\" class=\"wp-caption aligncenter\"><a href=\"https:\/\/vocatio.es\/wp-content\/uploads\/2019\/09\/Momento-del-acto-inaugural.jpg\"><img aria-describedby=\"caption-attachment-1986\" decoding=\"async\" class=\"wp-image-1986 size-full\" src=\"https:\/\/vocatio.es\/wp-content\/uploads\/2019\/09\/Momento-del-acto-inaugural.jpg\" alt=\"Momento del acto inaugural\" width=\"512\" height=\"364\" srcset=\"https:\/\/vocatio.es\/wp-content\/uploads\/2019\/09\/Momento-del-acto-inaugural-200x142.jpg 200w, https:\/\/vocatio.es\/wp-content\/uploads\/2019\/09\/Momento-del-acto-inaugural-300x214.jpg 300w, https:\/\/vocatio.es\/wp-content\/uploads\/2019\/09\/Momento-del-acto-inaugural-400x284.jpg 400w, https:\/\/vocatio.es\/wp-content\/uploads\/2019\/09\/Momento-del-acto-inaugural.jpg 512w\" sizes=\"(max-width: 512px) 100vw, 512px\" \/><\/a><p id=\"caption-attachment-1986\" class=\"wp-caption-text\">Momento del acto inaugural<\/p><\/div>\n<p>La \u00faltima sesi\u00f3n ser\u00e1 en la ma\u00f1ana de este viernes d\u00eda 13, con las ponencias de Antonio Ortega Ruiz, sobre \u2018La Universidad de Baeza: auge y reforma del modelo avilista\u2019, Inmaculada Arias de Saavedra, sobre \u2018Granada y Baeza, dos hitos en la trayectoria vital y educativa de Juan de \u00c1vila\u2019; Pedro Galera Andreu, titulada \u2018La Universidad de Baeza en su arquitectura\u2019; Ra\u00fal Manch\u00f3n G\u00f3mez, sobre \u2018el culto literario a la Inmaculada\u2019 y Jos\u00e9 M.\u00aa Maestre Maestre, sobre el \u2018Colegio de La Asunci\u00f3n por Pedro L\u00f3pez de Alba\u2019.<\/p>\n<p>Y por la tarde, la quinta y \u00faltima sesi\u00f3n se centrar\u00e1 en \u2018Juan de \u00c1vila y las minor\u00edas \u00e9tnico-religiosas\u2019, con la comunicaci\u00f3n de Axel Kaplan Szyld, que se referir\u00e1 a \u2018la cuesti\u00f3n judeoconversa\u2019 y las ponencias de Ignacio Pulido sobre \u2018el problema morisco\u2019 y de Mohamed Saadan, sobre \u2018Juan de \u00c1vila y su legado en relaci\u00f3n con los moriscos. La minor\u00eda en el pensamiento de los minoritarios\u2019. La intervenci\u00f3n de clausura, \u2018Juan de \u00c1vila y la gran nobleza andaluza\u2019, ser\u00e1 ofrecida por Enrique Soria Mesa.<\/p>\n<\/div><\/div><style type=\"text\/css\">.fusion-body .fusion-builder-column-3{width:100% !important;margin-top : 0px;margin-bottom : 0px;}.fusion-builder-column-3 > .fusion-column-wrapper {padding-top : 0px !important;padding-right : 0px !important;margin-right : 0px;padding-bottom : 0px !important;padding-left : 0px !important;margin-left : 0px;}@media only screen and (max-width:1024px) {.fusion-body .fusion-builder-column-3{width:100% !important;}.fusion-builder-column-3 > .fusion-column-wrapper {margin-right : 0px;margin-left : 0px;}}@media only screen and (max-width:640px) {.fusion-body .fusion-builder-column-3{width:100% !important;}.fusion-builder-column-3 > .fusion-column-wrapper {margin-right : 0px;margin-left : 0px;}}<\/style><\/div><\/div><style type=\"text\/css\">.fusion-fullwidth.fusion-builder-row-2 { overflow:visible; }.fusion-body .fusion-flex-container.fusion-builder-row-2{ padding-top : 0px;margin-top : 0px;padding-right : 0px;padding-bottom : 0px;margin-bottom : 0px;padding-left : 0px;}<\/style><\/div><\/p>\n","protected":false},"excerpt":{"rendered":"","protected":false},"author":3,"featured_media":1983,"comment_status":"open","ping_status":"closed","sticky":false,"template":"","format":"standard","meta":[],"categories":[4],"tags":[],"yoast_head":"<!-- This site is optimized with the Yoast SEO plugin v19.9 - https:\/\/yoast.com\/wordpress\/plugins\/seo\/ -->\n<title>Almod\u00f3var del Campo interviene en Baeza durante el Congreso Internacional sobre San Juan de \u00c1vila - Vocatio<\/title>\n<meta name=\"robots\" content=\"index, follow, max-snippet:-1, max-image-preview:large, max-video-preview:-1\" \/>\n<link rel=\"canonical\" href=\"https:\/\/vocatio.es\/index.php\/2019\/09\/12\/almodovar-del-campo-interviene-en-baeza-durante-el-congreso-internacional-sobre-san-juan-de-avila\/\" \/>\n<meta property=\"og:locale\" content=\"es_ES\" \/>\n<meta property=\"og:type\" content=\"article\" \/>\n<meta property=\"og:title\" content=\"Almod\u00f3var del Campo interviene en Baeza durante el Congreso Internacional sobre San Juan de \u00c1vila - Vocatio\" \/>\n<meta property=\"og:url\" content=\"https:\/\/vocatio.es\/index.php\/2019\/09\/12\/almodovar-del-campo-interviene-en-baeza-durante-el-congreso-internacional-sobre-san-juan-de-avila\/\" \/>\n<meta property=\"og:site_name\" content=\"Vocatio\" \/>\n<meta property=\"article:published_time\" content=\"2019-09-12T14:13:04+00:00\" \/>\n<meta property=\"article:modified_time\" content=\"2019-09-12T14:31:01+00:00\" \/>\n<meta property=\"og:image\" content=\"https:\/\/vocatio.es\/wp-content\/uploads\/2019\/09\/Isabel-Fern\u00e1ndez-del-R\u00edo-a-la-izquierda-de-la-mesa-de-oradores.jpg\" \/>\n\t<meta property=\"og:image:width\" content=\"512\" \/>\n\t<meta property=\"og:image:height\" content=\"354\" \/>\n\t<meta property=\"og:image:type\" content=\"image\/jpeg\" \/>\n<meta name=\"author\" content=\"VOCATIO\" \/>\n<meta name=\"twitter:card\" content=\"summary_large_image\" \/>\n<meta name=\"twitter:label1\" content=\"Escrito por\" \/>\n\t<meta name=\"twitter:data1\" content=\"VOCATIO\" \/>\n\t<meta name=\"twitter:label2\" content=\"Tiempo de lectura\" \/>\n\t<meta name=\"twitter:data2\" content=\"9 minutos\" \/>\n<script type=\"application\/ld+json\" class=\"yoast-schema-graph\">{\"@context\":\"https:\/\/schema.org\",\"@graph\":[{\"@type\":\"WebPage\",\"@id\":\"https:\/\/vocatio.es\/index.php\/2019\/09\/12\/almodovar-del-campo-interviene-en-baeza-durante-el-congreso-internacional-sobre-san-juan-de-avila\/\",\"url\":\"https:\/\/vocatio.es\/index.php\/2019\/09\/12\/almodovar-del-campo-interviene-en-baeza-durante-el-congreso-internacional-sobre-san-juan-de-avila\/\",\"name\":\"Almod\u00f3var del Campo interviene en Baeza durante el Congreso Internacional sobre San Juan de \u00c1vila - Vocatio\",\"isPartOf\":{\"@id\":\"https:\/\/vocatio.es\/#website\"},\"datePublished\":\"2019-09-12T14:13:04+00:00\",\"dateModified\":\"2019-09-12T14:31:01+00:00\",\"author\":{\"@id\":\"https:\/\/vocatio.es\/#\/schema\/person\/48bda42f90fbdcb0fc5b7978f42dae2d\"},\"breadcrumb\":{\"@id\":\"https:\/\/vocatio.es\/index.php\/2019\/09\/12\/almodovar-del-campo-interviene-en-baeza-durante-el-congreso-internacional-sobre-san-juan-de-avila\/#breadcrumb\"},\"inLanguage\":\"es\",\"potentialAction\":[{\"@type\":\"ReadAction\",\"target\":[\"https:\/\/vocatio.es\/index.php\/2019\/09\/12\/almodovar-del-campo-interviene-en-baeza-durante-el-congreso-internacional-sobre-san-juan-de-avila\/\"]}]},{\"@type\":\"BreadcrumbList\",\"@id\":\"https:\/\/vocatio.es\/index.php\/2019\/09\/12\/almodovar-del-campo-interviene-en-baeza-durante-el-congreso-internacional-sobre-san-juan-de-avila\/#breadcrumb\",\"itemListElement\":[{\"@type\":\"ListItem\",\"position\":1,\"name\":\"Portada\",\"item\":\"https:\/\/vocatio.es\/\"},{\"@type\":\"ListItem\",\"position\":2,\"name\":\"Almod\u00f3var del Campo interviene en Baeza durante el Congreso Internacional sobre San Juan de \u00c1vila\"}]},{\"@type\":\"WebSite\",\"@id\":\"https:\/\/vocatio.es\/#website\",\"url\":\"https:\/\/vocatio.es\/\",\"name\":\"Vocatio\",\"description\":\"San Juan de \u00c1vila en Almod\u00f3var del Campo\",\"potentialAction\":[{\"@type\":\"SearchAction\",\"target\":{\"@type\":\"EntryPoint\",\"urlTemplate\":\"https:\/\/vocatio.es\/?s={search_term_string}\"},\"query-input\":\"required name=search_term_string\"}],\"inLanguage\":\"es\"},{\"@type\":\"Person\",\"@id\":\"https:\/\/vocatio.es\/#\/schema\/person\/48bda42f90fbdcb0fc5b7978f42dae2d\",\"name\":\"VOCATIO\",\"image\":{\"@type\":\"ImageObject\",\"inLanguage\":\"es\",\"@id\":\"https:\/\/vocatio.es\/#\/schema\/person\/image\/\",\"url\":\"https:\/\/secure.gravatar.com\/avatar\/421be2eaf798584800993258d9f92701?s=96&d=mm&r=g\",\"contentUrl\":\"https:\/\/secure.gravatar.com\/avatar\/421be2eaf798584800993258d9f92701?s=96&d=mm&r=g\",\"caption\":\"VOCATIO\"},\"sameAs\":[\"http:\/\/entremedios.es\"],\"url\":\"https:\/\/vocatio.es\/index.php\/author\/paco-acero\/\"}]}<\/script>\n<!-- \/ Yoast SEO plugin. -->","yoast_head_json":{"title":"Almod\u00f3var del Campo interviene en Baeza durante el Congreso Internacional sobre San Juan de \u00c1vila - Vocatio","robots":{"index":"index","follow":"follow","max-snippet":"max-snippet:-1","max-image-preview":"max-image-preview:large","max-video-preview":"max-video-preview:-1"},"canonical":"https:\/\/vocatio.es\/index.php\/2019\/09\/12\/almodovar-del-campo-interviene-en-baeza-durante-el-congreso-internacional-sobre-san-juan-de-avila\/","og_locale":"es_ES","og_type":"article","og_title":"Almod\u00f3var del Campo interviene en Baeza durante el Congreso Internacional sobre San Juan de \u00c1vila - Vocatio","og_url":"https:\/\/vocatio.es\/index.php\/2019\/09\/12\/almodovar-del-campo-interviene-en-baeza-durante-el-congreso-internacional-sobre-san-juan-de-avila\/","og_site_name":"Vocatio","article_published_time":"2019-09-12T14:13:04+00:00","article_modified_time":"2019-09-12T14:31:01+00:00","og_image":[{"width":512,"height":354,"url":"https:\/\/vocatio.es\/wp-content\/uploads\/2019\/09\/Isabel-Fern\u00e1ndez-del-R\u00edo-a-la-izquierda-de-la-mesa-de-oradores.jpg","type":"image\/jpeg"}],"author":"VOCATIO","twitter_card":"summary_large_image","twitter_misc":{"Escrito por":"VOCATIO","Tiempo de lectura":"9 minutos"},"schema":{"@context":"https:\/\/schema.org","@graph":[{"@type":"WebPage","@id":"https:\/\/vocatio.es\/index.php\/2019\/09\/12\/almodovar-del-campo-interviene-en-baeza-durante-el-congreso-internacional-sobre-san-juan-de-avila\/","url":"https:\/\/vocatio.es\/index.php\/2019\/09\/12\/almodovar-del-campo-interviene-en-baeza-durante-el-congreso-internacional-sobre-san-juan-de-avila\/","name":"Almod\u00f3var del Campo interviene en Baeza durante el Congreso Internacional sobre San Juan de \u00c1vila - Vocatio","isPartOf":{"@id":"https:\/\/vocatio.es\/#website"},"datePublished":"2019-09-12T14:13:04+00:00","dateModified":"2019-09-12T14:31:01+00:00","author":{"@id":"https:\/\/vocatio.es\/#\/schema\/person\/48bda42f90fbdcb0fc5b7978f42dae2d"},"breadcrumb":{"@id":"https:\/\/vocatio.es\/index.php\/2019\/09\/12\/almodovar-del-campo-interviene-en-baeza-durante-el-congreso-internacional-sobre-san-juan-de-avila\/#breadcrumb"},"inLanguage":"es","potentialAction":[{"@type":"ReadAction","target":["https:\/\/vocatio.es\/index.php\/2019\/09\/12\/almodovar-del-campo-interviene-en-baeza-durante-el-congreso-internacional-sobre-san-juan-de-avila\/"]}]},{"@type":"BreadcrumbList","@id":"https:\/\/vocatio.es\/index.php\/2019\/09\/12\/almodovar-del-campo-interviene-en-baeza-durante-el-congreso-internacional-sobre-san-juan-de-avila\/#breadcrumb","itemListElement":[{"@type":"ListItem","position":1,"name":"Portada","item":"https:\/\/vocatio.es\/"},{"@type":"ListItem","position":2,"name":"Almod\u00f3var del Campo interviene en Baeza durante el Congreso Internacional sobre San Juan de \u00c1vila"}]},{"@type":"WebSite","@id":"https:\/\/vocatio.es\/#website","url":"https:\/\/vocatio.es\/","name":"Vocatio","description":"San Juan de \u00c1vila en Almod\u00f3var del Campo","potentialAction":[{"@type":"SearchAction","target":{"@type":"EntryPoint","urlTemplate":"https:\/\/vocatio.es\/?s={search_term_string}"},"query-input":"required name=search_term_string"}],"inLanguage":"es"},{"@type":"Person","@id":"https:\/\/vocatio.es\/#\/schema\/person\/48bda42f90fbdcb0fc5b7978f42dae2d","name":"VOCATIO","image":{"@type":"ImageObject","inLanguage":"es","@id":"https:\/\/vocatio.es\/#\/schema\/person\/image\/","url":"https:\/\/secure.gravatar.com\/avatar\/421be2eaf798584800993258d9f92701?s=96&d=mm&r=g","contentUrl":"https:\/\/secure.gravatar.com\/avatar\/421be2eaf798584800993258d9f92701?s=96&d=mm&r=g","caption":"VOCATIO"},"sameAs":["http:\/\/entremedios.es"],"url":"https:\/\/vocatio.es\/index.php\/author\/paco-acero\/"}]}},"_links":{"self":[{"href":"https:\/\/vocatio.es\/index.php\/wp-json\/wp\/v2\/posts\/1982"}],"collection":[{"href":"https:\/\/vocatio.es\/index.php\/wp-json\/wp\/v2\/posts"}],"about":[{"href":"https:\/\/vocatio.es\/index.php\/wp-json\/wp\/v2\/types\/post"}],"author":[{"embeddable":true,"href":"https:\/\/vocatio.es\/index.php\/wp-json\/wp\/v2\/users\/3"}],"replies":[{"embeddable":true,"href":"https:\/\/vocatio.es\/index.php\/wp-json\/wp\/v2\/comments?post=1982"}],"version-history":[{"count":2,"href":"https:\/\/vocatio.es\/index.php\/wp-json\/wp\/v2\/posts\/1982\/revisions"}],"predecessor-version":[{"id":1992,"href":"https:\/\/vocatio.es\/index.php\/wp-json\/wp\/v2\/posts\/1982\/revisions\/1992"}],"wp:featuredmedia":[{"embeddable":true,"href":"https:\/\/vocatio.es\/index.php\/wp-json\/wp\/v2\/media\/1983"}],"wp:attachment":[{"href":"https:\/\/vocatio.es\/index.php\/wp-json\/wp\/v2\/media?parent=1982"}],"wp:term":[{"taxonomy":"category","embeddable":true,"href":"https:\/\/vocatio.es\/index.php\/wp-json\/wp\/v2\/categories?post=1982"},{"taxonomy":"post_tag","embeddable":true,"href":"https:\/\/vocatio.es\/index.php\/wp-json\/wp\/v2\/tags?post=1982"}],"curies":[{"name":"wp","href":"https:\/\/api.w.org\/{rel}","templated":true}]}}